{"id":85128,"date":"2022-07-09T09:33:20","date_gmt":"2022-07-09T12:33:20","guid":{"rendered":"https:\/\/blogdoedvaldomagalhaes.com.br\/?p=85128"},"modified":"2022-07-09T09:37:15","modified_gmt":"2022-07-09T12:37:15","slug":"festas-da-canjica-gigante-e-maior-vaca-atolada-do-mundo-em-caruaru-neste-sabado-9","status":"publish","type":"post","link":"https:\/\/blogdoedvaldomagalhaes.com.br\/index.php\/2022\/07\/09\/festas-da-canjica-gigante-e-maior-vaca-atolada-do-mundo-em-caruaru-neste-sabado-9\/","title":{"rendered":"Festas da Canjica Gigante e Maior Vaca Atolada do Mundo em Caruaru neste s\u00e1bado (9)"},"content":{"rendered":"<p style=\"text-align: justify;\">O S\u00e3o Jo\u00e3o 2022 de Caruaru, foi encerrado oficialmente pela prefeitura, no \u00faltimo fim de semana, por\u00e9m, as festas de comidas gigantes continuam. Neste s\u00e1bado (09, ser\u00e3o realizadas duas festas. Na Vila Peladas, zona rural do munic\u00edpio, ser\u00e1 distribu\u00edda a tradicional Canjica Gigante, a festa come\u00e7a \u00e0s 18h e a degusta\u00e7\u00e3o ser\u00e1 meia noite. O organizador \u00e9 Iron Rodrigues, e o evento faz parte da Associa\u00e7\u00e3o dos Idealizadores das Comidas Gigantes de Caruaru.<\/p>\n<p style=\"text-align: justify;\">Na rua Estilac Leal, no bairro Salgado, acontece a festa da Maior Vaca Atolada do Mundo, a partir das 19h. Os organizadores sai Guga e Rog\u00e9rio Ozz Bir\u00f3s, \u00e9 um evento independente.<\/p>\n<p style=\"text-align: justify;\">A festa do Maior Caf\u00e9 do Mundo, no bairro Petr\u00f3polis, que seria realizado neste s\u00e1bado (09), foi adiada para o pr\u00f3ximo dia 23 de julho.<\/p>\n<p style=\"text-align: justify;\">Neste domingo (10), ser\u00e1 realizada a festa da Maior Cabe\u00e7a de Galo do Mundo, a partir das 12h, na rua Santa Tereza, no bairro Petr\u00f3polis. O organizador \u00e9 o cantor Derso Luiz, e o evento \u00e9 independente das associa\u00e7\u00f5es.<\/p>\n<p style=\"text-align: justify;\">Foto da Canjica Gigante: Arquivo\/Blog do Edvaldo Magalh\u00e3es.<\/p>\n","protected":false},"excerpt":{"rendered":"<p>O S\u00e3o Jo\u00e3o 2022 de Caruaru, foi encerrado oficialmente pela prefeitura, no \u00faltimo fim de semana, por\u00e9m, as festas de&hellip;<\/p>\n","protected":false},"author":1,"featured_media":85129,"comment_status":"open","ping_status":"open","sticky":false,"template":"","format":"standard","meta":{"footnotes":""},"categories":[14120],"tags":[2,19892,10242,3406,25051,25053,6222],"class_list":["post-85128","post","type-post","status-publish","format-standard","has-post-thumbnail","hentry","category-noticias","tag-blog-do-edvaldo-magalhaes","tag-blog-mais-acessado-e-visualizado-de-caruaru","tag-canjica-gigante","tag-caruaru","tag-festas-da-canjica-gigante-e-maior-vaca-atolada-do-mundo-em-caruaru-neste-sabado-9","tag-maior-vaca-atolada-do-mundo","tag-sao-joao-de-caruaru"],"_links":{"self":[{"href":"https:\/\/blogdoedvaldomagalhaes.com.br\/index.php\/wp-json\/wp\/v2\/posts\/85128","targetHints":{"allow":["GET"]}}],"collection":[{"href":"https:\/\/blogdoedvaldomagalhaes.com.br\/index.php\/wp-json\/wp\/v2\/posts"}],"about":[{"href":"https:\/\/blogdoedvaldomagalhaes.com.br\/index.php\/wp-json\/wp\/v2\/types\/post"}],"author":[{"embeddable":true,"href":"https:\/\/blogdoedvaldomagalhaes.com.br\/index.php\/wp-json\/wp\/v2\/users\/1"}],"replies":[{"embeddable":true,"href":"https:\/\/blogdoedvaldomagalhaes.com.br\/index.php\/wp-json\/wp\/v2\/comments?post=85128"}],"version-history":[{"count":2,"href":"https:\/\/blogdoedvaldomagalhaes.com.br\/index.php\/wp-json\/wp\/v2\/posts\/85128\/revisions"}],"predecessor-version":[{"id":85132,"href":"https:\/\/blogdoedvaldomagalhaes.com.br\/index.php\/wp-json\/wp\/v2\/posts\/85128\/revisions\/85132"}],"wp:featuredmedia":[{"embeddable":true,"href":"https:\/\/blogdoedvaldomagalhaes.com.br\/index.php\/wp-json\/wp\/v2\/media\/85129"}],"wp:attachment":[{"href":"https:\/\/blogdoedvaldomagalhaes.com.br\/index.php\/wp-json\/wp\/v2\/media?parent=85128"}],"wp:term":[{"taxonomy":"category","embeddable":true,"href":"https:\/\/blogdoedvaldomagalhaes.com.br\/index.php\/wp-json\/wp\/v2\/categories?post=85128"},{"taxonomy":"post_tag","embeddable":true,"href":"https:\/\/blogdoedvaldomagalhaes.com.br\/index.php\/wp-json\/wp\/v2\/tags?post=85128"}],"curies":[{"name":"wp","href":"https:\/\/api.w.org\/{rel}","templated":true}]}}