{"id":85125,"date":"2022-07-09T08:37:58","date_gmt":"2022-07-09T11:37:58","guid":{"rendered":"https:\/\/blogdoedvaldomagalhaes.com.br\/?p=85125"},"modified":"2022-07-09T08:37:59","modified_gmt":"2022-07-09T11:37:59","slug":"tony-gel-comemora-inicio-das-obras-para-construcao-de-nova-quadra-poliesportiva-na-escola-felisberto-de-carvalho-no-vassoural","status":"publish","type":"post","link":"https:\/\/blogdoedvaldomagalhaes.com.br\/index.php\/2022\/07\/09\/tony-gel-comemora-inicio-das-obras-para-construcao-de-nova-quadra-poliesportiva-na-escola-felisberto-de-carvalho-no-vassoural\/","title":{"rendered":"Tony Gel comemora in\u00edcio das obras para constru\u00e7\u00e3o de nova quadra poliesportiva na Escola Felisberto de Carvalho no Vassoural"},"content":{"rendered":"<p style=\"text-align: justify;\"><span style=\"font-size: inherit;\">O Deputado Estadual Tony Gel (PSB), est\u00e1 comemorando o in\u00edcio das obras para constru\u00e7\u00e3o da nova quadra poliesportiva na Escola Felisberto de Carvalho, no bairro do Vassoural em Caruaru, conquistada pelo parlamentar junto ao Governo do Estado.<\/span><\/p>\n<p style=\"text-align: justify;\">Tony Gel agradeceu a Secretaria Estadual de Educa\u00e7\u00e3o, por atender a sua solicita\u00e7\u00e3o, e elogiou o excelente trabalho que a diretora Gil Moura vem realizando na referida unidade escolar.<\/p>\n<p style=\"text-align: justify;\">\u201cEssa \u00e9 mais uma importante a\u00e7\u00e3o do Governo Paulo C\u00e2mara em Caruaru. A escola Felisberto de Carvalho faz parte da minha hist\u00f3ria. E estou muito feliz em poder ter ajudado a diretora Gil Moura e equipe nessa luta. A nova quadra poliesportiva \u00e9 um sonho de todos que est\u00e1 sendo realizado &#8220;, disse Tony Gel<\/p>\n","protected":false},"excerpt":{"rendered":"<p>O Deputado Estadual Tony Gel (PSB), est\u00e1 comemorando o in\u00edcio das obras para constru\u00e7\u00e3o da nova quadra poliesportiva na Escola&hellip;<\/p>\n","protected":false},"author":1,"featured_media":85126,"comment_status":"open","ping_status":"open","sticky":false,"template":"","format":"standard","meta":{"footnotes":""},"categories":[14122],"tags":[2,19532,3406,20,25050],"class_list":["post-85125","post","type-post","status-publish","format-standard","has-post-thumbnail","hentry","category-politica","tag-blog-do-edvaldo-magalhaes","tag-blog-mais-acessado-e-visualizado-de-caruaru-e-regiao","tag-caruaru","tag-politica","tag-tony-gel-comemora-inicio-das-obras-para-construcao-de-nova-quadra-poliesportiva-na-escola-felisberto-de-carvalho-no-vassoural"],"_links":{"self":[{"href":"https:\/\/blogdoedvaldomagalhaes.com.br\/index.php\/wp-json\/wp\/v2\/posts\/85125","targetHints":{"allow":["GET"]}}],"collection":[{"href":"https:\/\/blogdoedvaldomagalhaes.com.br\/index.php\/wp-json\/wp\/v2\/posts"}],"about":[{"href":"https:\/\/blogdoedvaldomagalhaes.com.br\/index.php\/wp-json\/wp\/v2\/types\/post"}],"author":[{"embeddable":true,"href":"https:\/\/blogdoedvaldomagalhaes.com.br\/index.php\/wp-json\/wp\/v2\/users\/1"}],"replies":[{"embeddable":true,"href":"https:\/\/blogdoedvaldomagalhaes.com.br\/index.php\/wp-json\/wp\/v2\/comments?post=85125"}],"version-history":[{"count":1,"href":"https:\/\/blogdoedvaldomagalhaes.com.br\/index.php\/wp-json\/wp\/v2\/posts\/85125\/revisions"}],"predecessor-version":[{"id":85127,"href":"https:\/\/blogdoedvaldomagalhaes.com.br\/index.php\/wp-json\/wp\/v2\/posts\/85125\/revisions\/85127"}],"wp:featuredmedia":[{"embeddable":true,"href":"https:\/\/blogdoedvaldomagalhaes.com.br\/index.php\/wp-json\/wp\/v2\/media\/85126"}],"wp:attachment":[{"href":"https:\/\/blogdoedvaldomagalhaes.com.br\/index.php\/wp-json\/wp\/v2\/media?parent=85125"}],"wp:term":[{"taxonomy":"category","embeddable":true,"href":"https:\/\/blogdoedvaldomagalhaes.com.br\/index.php\/wp-json\/wp\/v2\/categories?post=85125"},{"taxonomy":"post_tag","embeddable":true,"href":"https:\/\/blogdoedvaldomagalhaes.com.br\/index.php\/wp-json\/wp\/v2\/tags?post=85125"}],"curies":[{"name":"wp","href":"https:\/\/api.w.org\/{rel}","templated":true}]}}