{"id":8503,"date":"2016-08-25T22:08:00","date_gmt":"2016-08-26T01:08:00","guid":{"rendered":"http:\/\/blogdoedvaldomagalhaes.com.br\/index.php\/2016\/08\/25\/assaltantes-atacam-caminhao-de-entrega\/"},"modified":"2019-02-09T00:56:27","modified_gmt":"2019-02-09T02:56:27","slug":"assaltantes-atacam-caminhao-de-entrega","status":"publish","type":"post","link":"https:\/\/blogdoedvaldomagalhaes.com.br\/index.php\/2016\/08\/25\/assaltantes-atacam-caminhao-de-entrega\/","title":{"rendered":"Assaltantes atacam caminh\u00e3o de entrega em Caruaru e ferem motorista"},"content":{"rendered":"<div class=\"separator\" style=\"clear: both; text-align: center;\">\n<a href=\"https:\/\/3.bp.blogspot.com\/-n_SqW65AHUg\/V79rU8hOSPI\/AAAAAAAAFIg\/HG1VcUSux-M4CiabMixXOUNcIRZJ06THgCLcB\/s1600\/samu.JPG\" imageanchor=\"1\" style=\"margin-left: 1em; margin-right: 1em;\"><img loading=\"lazy\" decoding=\"async\" border=\"0\" height=\"266\" src=\"http:\/\/blogdoedvaldomagalhaes.com.br\/wp-content\/uploads\/2016\/08\/samu-1.jpg\" width=\"400\" \/><\/a><\/div>\n<div style=\"text-align: justify;\">\nNa manh\u00e3 desta quinta-feira (25) o Samu foi acionado para uma ocorr\u00eancia de uma suposta agress\u00e3o a bala na Rua da Gaia, no bairro Jos\u00e9 Liberato, foi solicitado o apoio da Pol\u00edcia Militar e quando chegaram no local constataram que havia uma pessoa lesionada na cabe\u00e7a, mas a v\u00edtima tinha sido espancada a coronhadas de rev\u00f3lver.<\/div>\n<div style=\"text-align: justify;\">\n<\/div>\n<div style=\"text-align: justify;\">\nDe acordo com o Cabo Vital, a v\u00edtima, Jairo Ferreira de Souza, de 39 anos, que mora no Loteamento Dem\u00f3stenes Veras, trabalha como motorista da granja Alian\u00e7a e hoje pela manh\u00e3 foi fazer uma entrega de ovos na Rua da Gaia, estava acompanhado de dois ajudantes, quando foram interceptados por tr\u00eas elementos armados que chegaram em um ve\u00edculo P\u00e1lio prata e anunciaram o assalto, o motorista entregou o apurado que totalizou R$ 300 e tr\u00eas celulares, mas os bandidos exigindo mais dinheiro espancaram a v\u00edtima desferindo-lhe coronhadas na cabe\u00e7a, nisso a arma disparou e assustados os marginais fugiram do local. a v\u00edtima com suspeita de traumatismo craniano foi levada ao Hospital Regional do Agreste, onde est\u00e1 internada.<\/div>\n<div style=\"text-align: justify;\">\n<\/div>\n<div style=\"text-align: justify;\">\nCom informa\u00e7\u00f5es do Blog do Adielson Galv\u00e3o<\/div>\n","protected":false},"excerpt":{"rendered":"<p>Na manh\u00e3 desta quinta-feira (25) o Samu foi acionado para uma ocorr\u00eancia de uma suposta agress\u00e3o a bala na Rua&hellip;<\/p>\n","protected":false},"author":1,"featured_media":0,"comment_status":"open","ping_status":"open","sticky":false,"template":"","format":"standard","meta":{"footnotes":""},"categories":[1],"tags":[2670,2,12616,12617,312,1950,13,7869],"class_list":["post-8503","post","type-post","status-publish","format-standard","hentry","category-sem-categoria","tag-bairro-jose-liberato","tag-blog-do-edvaldo-magalhaes","tag-cabo-vital","tag-granja-alianca","tag-hospital-regional-do-agreste","tag-noticias-de-caruaru","tag-policial","tag-rua-da-gaia"],"_links":{"self":[{"href":"https:\/\/blogdoedvaldomagalhaes.com.br\/index.php\/wp-json\/wp\/v2\/posts\/8503","targetHints":{"allow":["GET"]}}],"collection":[{"href":"https:\/\/blogdoedvaldomagalhaes.com.br\/index.php\/wp-json\/wp\/v2\/posts"}],"about":[{"href":"https:\/\/blogdoedvaldomagalhaes.com.br\/index.php\/wp-json\/wp\/v2\/types\/post"}],"author":[{"embeddable":true,"href":"https:\/\/blogdoedvaldomagalhaes.com.br\/index.php\/wp-json\/wp\/v2\/users\/1"}],"replies":[{"embeddable":true,"href":"https:\/\/blogdoedvaldomagalhaes.com.br\/index.php\/wp-json\/wp\/v2\/comments?post=8503"}],"version-history":[{"count":1,"href":"https:\/\/blogdoedvaldomagalhaes.com.br\/index.php\/wp-json\/wp\/v2\/posts\/8503\/revisions"}],"predecessor-version":[{"id":11760,"href":"https:\/\/blogdoedvaldomagalhaes.com.br\/index.php\/wp-json\/wp\/v2\/posts\/8503\/revisions\/11760"}],"wp:attachment":[{"href":"https:\/\/blogdoedvaldomagalhaes.com.br\/index.php\/wp-json\/wp\/v2\/media?parent=8503"}],"wp:term":[{"taxonomy":"category","embeddable":true,"href":"https:\/\/blogdoedvaldomagalhaes.com.br\/index.php\/wp-json\/wp\/v2\/categories?post=8503"},{"taxonomy":"post_tag","embeddable":true,"href":"https:\/\/blogdoedvaldomagalhaes.com.br\/index.php\/wp-json\/wp\/v2\/tags?post=8503"}],"curies":[{"name":"wp","href":"https:\/\/api.w.org\/{rel}","templated":true}]}}