{"id":8499,"date":"2016-08-26T10:26:00","date_gmt":"2016-08-26T13:26:00","guid":{"rendered":"http:\/\/blogdoedvaldomagalhaes.com.br\/index.php\/2016\/08\/26\/ex-presidiario-e-assassinado-tiros-e-2\/"},"modified":"2019-02-09T00:56:28","modified_gmt":"2019-02-09T02:56:28","slug":"ex-presidiario-e-assassinado-tiros-e-2","status":"publish","type":"post","link":"https:\/\/blogdoedvaldomagalhaes.com.br\/index.php\/2016\/08\/26\/ex-presidiario-e-assassinado-tiros-e-2\/","title":{"rendered":"Ex-presidi\u00e1rio \u00e9 assassinado a tiros em Caruaru"},"content":{"rendered":"<div class=\"separator\" style=\"clear: both; text-align: center;\">\n<a href=\"https:\/\/3.bp.blogspot.com\/-ZXkDGNRbg3U\/V8Ae4TwieoI\/AAAAAAAAFJU\/jg0r796jLmIvoY-rNRJoJbwaT0zq1Q_FwCLcB\/s1600\/policia.JPG\" imageanchor=\"1\" style=\"margin-left: 1em; margin-right: 1em;\"><img loading=\"lazy\" decoding=\"async\" border=\"0\" height=\"243\" src=\"http:\/\/blogdoedvaldomagalhaes.com.br\/wp-content\/uploads\/2016\/08\/policia-8.jpg\" width=\"400\" \/><\/a><\/div>\n<div class=\"MsoNoSpacing\" style=\"text-align: justify;\">\nA<br \/>\nonda de viol\u00eancia parece n\u00e3o ter fim no Estado de Pernambuco. Cinco homic\u00eddios foram<br \/>\nregistrados nas \u00faltimas 24 horas.<\/div>\n<div class=\"MsoNoSpacing\" style=\"text-align: justify;\">\n<\/div>\n<div class=\"MsoNoSpacing\" style=\"text-align: justify;\">\nEm<br \/>\nCaruaru, um ex-presidi\u00e1rio foi assassinado no final da noite desta quinta-feira<br \/>\n(25), no Loteamento Morada Nova, vizinho do Bairro Rendeiras. J\u00falio C\u00e9sar Couto<br \/>\nda Silva, 28 anos, foi morto com dois tiros na cabe\u00e7a.<\/div>\n<div class=\"MsoNoSpacing\" style=\"text-align: justify;\">\n<\/div>\n<div class=\"MsoNoSpacing\" style=\"text-align: justify;\">\nEm<br \/>\nagosto, 12 pessoas foram assassinadas no munic\u00edpio. De janeiro at\u00e9 agora s\u00e3o<br \/>\n142 homic\u00eddios.<\/div>\n<div class=\"MsoNoSpacing\" style=\"text-align: justify;\">\n<\/div>\n<div class=\"MsoNoSpacing\" style=\"text-align: justify;\">\nEm<br \/>\nSanta Cruz do Capibaribe, no in\u00edcio da noite desta quinta, um homem de 26 anos<br \/>\nfoi assassinado dentro de uma barbearia, no bairro Bela Vista. Nailson Abdnego<br \/>\nde Souza Barros foi morto com quatro tiros. O crime foi praticado por um<br \/>\ndesconhecido.<\/div>\n<div class=\"MsoNoSpacing\" style=\"text-align: justify;\">\n<\/div>\n<div class=\"MsoNoSpacing\" style=\"text-align: justify;\">\nOs<br \/>\ncorpos destas duas v\u00edtimas da viol\u00eancia foram encaminhados para o Instituto de<br \/>\nMedicina Legal (IML) de Caruaru.<\/div>\n","protected":false},"excerpt":{"rendered":"<p>A onda de viol\u00eancia parece n\u00e3o ter fim no Estado de Pernambuco. Cinco homic\u00eddios foram registrados nas \u00faltimas 24 horas.&hellip;<\/p>\n","protected":false},"author":1,"featured_media":0,"comment_status":"open","ping_status":"open","sticky":false,"template":"","format":"standard","meta":{"footnotes":""},"categories":[1],"tags":[3759,2,12609,3149,6146,1950,10616,13,1315],"class_list":["post-8499","post","type-post","status-publish","format-standard","hentry","category-sem-categoria","tag-bairro-rendeiras","tag-blog-do-edvaldo-magalhaes","tag-ex-presidiario-e-assassinado-a-tiros-em-caruaru","tag-iml","tag-loteamento-morada-nova","tag-noticias-de-caruaru","tag-pernambuco","tag-policial","tag-santa-cruz-do-capibaribe"],"_links":{"self":[{"href":"https:\/\/blogdoedvaldomagalhaes.com.br\/index.php\/wp-json\/wp\/v2\/posts\/8499","targetHints":{"allow":["GET"]}}],"collection":[{"href":"https:\/\/blogdoedvaldomagalhaes.com.br\/index.php\/wp-json\/wp\/v2\/posts"}],"about":[{"href":"https:\/\/blogdoedvaldomagalhaes.com.br\/index.php\/wp-json\/wp\/v2\/types\/post"}],"author":[{"embeddable":true,"href":"https:\/\/blogdoedvaldomagalhaes.com.br\/index.php\/wp-json\/wp\/v2\/users\/1"}],"replies":[{"embeddable":true,"href":"https:\/\/blogdoedvaldomagalhaes.com.br\/index.php\/wp-json\/wp\/v2\/comments?post=8499"}],"version-history":[{"count":1,"href":"https:\/\/blogdoedvaldomagalhaes.com.br\/index.php\/wp-json\/wp\/v2\/posts\/8499\/revisions"}],"predecessor-version":[{"id":11768,"href":"https:\/\/blogdoedvaldomagalhaes.com.br\/index.php\/wp-json\/wp\/v2\/posts\/8499\/revisions\/11768"}],"wp:attachment":[{"href":"https:\/\/blogdoedvaldomagalhaes.com.br\/index.php\/wp-json\/wp\/v2\/media?parent=8499"}],"wp:term":[{"taxonomy":"category","embeddable":true,"href":"https:\/\/blogdoedvaldomagalhaes.com.br\/index.php\/wp-json\/wp\/v2\/categories?post=8499"},{"taxonomy":"post_tag","embeddable":true,"href":"https:\/\/blogdoedvaldomagalhaes.com.br\/index.php\/wp-json\/wp\/v2\/tags?post=8499"}],"curies":[{"name":"wp","href":"https:\/\/api.w.org\/{rel}","templated":true}]}}