{"id":8498,"date":"2016-08-26T11:11:00","date_gmt":"2016-08-26T14:11:00","guid":{"rendered":"http:\/\/blogdoedvaldomagalhaes.com.br\/index.php\/2016\/08\/26\/agenda-dos-candidatos-prefeito-de-3\/"},"modified":"2019-02-09T00:56:28","modified_gmt":"2019-02-09T02:56:28","slug":"agenda-dos-candidatos-prefeito-de-3","status":"publish","type":"post","link":"https:\/\/blogdoedvaldomagalhaes.com.br\/index.php\/2016\/08\/26\/agenda-dos-candidatos-prefeito-de-3\/","title":{"rendered":"Agenda dos candidatos a Prefeito de Caruaru nesta sexta (26)"},"content":{"rendered":"<div class=\"separator\" style=\"clear: both; text-align: center;\">\n<a href=\"https:\/\/4.bp.blogspot.com\/-oss2ZiAzX-k\/V8Ahwr46i5I\/AAAAAAAAFJg\/hRhePaumpKIitn-XHWJBDHCJ70tpY0P-QCLcB\/s1600\/agenda.png\" imageanchor=\"1\" style=\"margin-left: 1em; margin-right: 1em;\"><img loading=\"lazy\" decoding=\"async\" border=\"0\" height=\"295\" src=\"http:\/\/blogdoedvaldomagalhaes.com.br\/wp-content\/uploads\/2016\/08\/agenda.png\" width=\"400\" \/><\/a><\/div>\n<div class=\"separator\" style=\"clear: both; text-align: center;\">\n<\/div>\n<div style=\"background-color: white; border: 0px; line-height: 25.6px; margin-bottom: 1.5em; outline: 0px; padding: 0px; text-align: justify; vertical-align: baseline;\">\nEduardo Guerra (PSOL, durante o dia grava material para os guias de r\u00e1dio e TV. A noite participa de reuni\u00e3o com lideran\u00e7as.<\/div>\n<div style=\"background-color: white; border: 0px; line-height: 25.6px; margin-bottom: 1.5em; outline: 0px; padding: 0px; text-align: justify; vertical-align: baseline;\">\nTony Gel (PMDB), pela manh\u00e3 participa de um debate. A tarde grava para o guia. A noite inaugura comit\u00ea de um candidato a vereador.<\/div>\n<div style=\"background-color: white; border: 0px; line-height: 25.6px; margin-bottom: 1.5em; outline: 0px; padding: 0px; text-align: justify; vertical-align: baseline;\">\nJorge Gomes (PSB), pela manh\u00e3 participa de um debate. A tarde tem reuni\u00e3o com a coordena\u00e7\u00e3o da campanha; A noite faz buzina\u00e7o nos bairros S\u00e3o Francisco, Centen\u00e1rio e Divin\u00f3polis e participa da inaugura\u00e7\u00e3o do comit\u00ea de um candidato a vereador;<\/div>\n<div style=\"background-color: white; border: 0px; line-height: 25.6px; margin-bottom: 1.5em; outline: 0px; padding: 0px; text-align: justify; vertical-align: baseline;\">\nRaquel Lyra (PSDB), pela manh\u00e3 participa de um debate. A tarde faz porta a porta no Bairro Jos\u00e9 Carlos Liberato. A noite participa da inaugura\u00e7\u00e3o do comit\u00ea de um candidato a vereador e faz visita no Bairro das Rendeiras.<\/div>\n<div style=\"background-color: white; border: 0px; line-height: 25.6px; margin-bottom: 1.5em; outline: 0px; padding: 0px; text-align: justify; vertical-align: baseline;\">\nErick Lessa (PR), pela manh\u00e3 participa de um debate. A noite tem reuni\u00e3o com um grupo de mulheres e visita \u00e0 Igreja Assembleia de Deus em Caruaru.&nbsp;<\/div>\n<div style=\"background-color: white; border: 0px; line-height: 25.6px; margin-bottom: 1.5em; outline: 0px; padding: 0px; text-align: justify; vertical-align: baseline;\">\nJefferson Abra\u00e3o (PCB) e Rivaldo Soares (PHS), n\u00e3o enviaram a agenda.<\/div>\n","protected":false},"excerpt":{"rendered":"<p>Eduardo Guerra (PSOL, durante o dia grava material para os guias de r\u00e1dio e TV. A noite participa de reuni\u00e3o&hellip;<\/p>\n","protected":false},"author":1,"featured_media":0,"comment_status":"open","ping_status":"open","sticky":false,"template":"","format":"standard","meta":{"footnotes":""},"categories":[1],"tags":[12493,2,11977,9402,11982,5151,20,1229,11979,995],"class_list":["post-8498","post","type-post","status-publish","format-standard","hentry","category-sem-categoria","tag-agenda-dos-candidatos-a-prefeito","tag-blog-do-edvaldo-magalhaes","tag-eduardo-guerra","tag-erick-lessa","tag-jefferson-abraao","tag-jorge-gomes","tag-politica","tag-raquel-lyra","tag-rivaldo-soares","tag-tony-gel"],"_links":{"self":[{"href":"https:\/\/blogdoedvaldomagalhaes.com.br\/index.php\/wp-json\/wp\/v2\/posts\/8498","targetHints":{"allow":["GET"]}}],"collection":[{"href":"https:\/\/blogdoedvaldomagalhaes.com.br\/index.php\/wp-json\/wp\/v2\/posts"}],"about":[{"href":"https:\/\/blogdoedvaldomagalhaes.com.br\/index.php\/wp-json\/wp\/v2\/types\/post"}],"author":[{"embeddable":true,"href":"https:\/\/blogdoedvaldomagalhaes.com.br\/index.php\/wp-json\/wp\/v2\/users\/1"}],"replies":[{"embeddable":true,"href":"https:\/\/blogdoedvaldomagalhaes.com.br\/index.php\/wp-json\/wp\/v2\/comments?post=8498"}],"version-history":[{"count":1,"href":"https:\/\/blogdoedvaldomagalhaes.com.br\/index.php\/wp-json\/wp\/v2\/posts\/8498\/revisions"}],"predecessor-version":[{"id":11770,"href":"https:\/\/blogdoedvaldomagalhaes.com.br\/index.php\/wp-json\/wp\/v2\/posts\/8498\/revisions\/11770"}],"wp:attachment":[{"href":"https:\/\/blogdoedvaldomagalhaes.com.br\/index.php\/wp-json\/wp\/v2\/media?parent=8498"}],"wp:term":[{"taxonomy":"category","embeddable":true,"href":"https:\/\/blogdoedvaldomagalhaes.com.br\/index.php\/wp-json\/wp\/v2\/categories?post=8498"},{"taxonomy":"post_tag","embeddable":true,"href":"https:\/\/blogdoedvaldomagalhaes.com.br\/index.php\/wp-json\/wp\/v2\/tags?post=8498"}],"curies":[{"name":"wp","href":"https:\/\/api.w.org\/{rel}","templated":true}]}}