{"id":8497,"date":"2016-08-26T11:26:00","date_gmt":"2016-08-26T14:26:00","guid":{"rendered":"http:\/\/blogdoedvaldomagalhaes.com.br\/index.php\/2016\/08\/26\/joao-paulo-continua-liderando-pesquisa\/"},"modified":"2019-02-09T00:56:30","modified_gmt":"2019-02-09T02:56:30","slug":"joao-paulo-continua-liderando-pesquisa","status":"publish","type":"post","link":"https:\/\/blogdoedvaldomagalhaes.com.br\/index.php\/2016\/08\/26\/joao-paulo-continua-liderando-pesquisa\/","title":{"rendered":"Jo\u00e3o Paulo continua liderando pesquisa para Prefeitura de Recife"},"content":{"rendered":"<div class=\"separator\" style=\"clear: both; text-align: center;\">\n<a href=\"https:\/\/1.bp.blogspot.com\/-96NQcUehfto\/V8AnUVdrYWI\/AAAAAAAAFJw\/7_4dYQJmYJcliAcOmtfxLFCxLkCKg1lfwCLcB\/s1600\/pesquisa.jpg\" imageanchor=\"1\" style=\"margin-left: 1em; margin-right: 1em;\"><img loading=\"lazy\" decoding=\"async\" border=\"0\" height=\"260\" src=\"http:\/\/blogdoedvaldomagalhaes.com.br\/wp-content\/uploads\/2016\/08\/pesquisa-1.jpg\" width=\"400\" \/><\/a><\/div>\n<div style=\"background-color: white; border: 0px; line-height: 25.6px; margin-bottom: 1.5em; outline: 0px; padding: 0px; text-align: justify; vertical-align: baseline;\">\n<\/div>\n<div style=\"background-color: white; border: 0px; line-height: 25.6px; margin-bottom: 1.5em; outline: 0px; padding: 0px; text-align: justify; vertical-align: baseline;\">\nO ex-prefeito Jo\u00e3o Paulo Lima (PT) e o prefeito Geraldo Julio (PSB) lideram a sucess\u00e3o para a Prefeitura de Recife e disputariam o segundo turno, aponta o Datafolha.<\/div>\n<div style=\"background-color: white; border: 0px; line-height: 25.6px; margin-bottom: 1.5em; outline: 0px; padding: 0px; text-align: justify; vertical-align: baseline;\">\nJo\u00e3o Paulo tem 32% das inten\u00e7\u00f5es de voto. Lidera numericamente, mas em situa\u00e7\u00e3o de empate t\u00e9cnico com Geraldo Julio, que tem 28%. A margem de erro \u00e9 de tr\u00eas pontos percentuais para mais ou para menos.<\/div>\n<div style=\"background-color: white; border: 0px; line-height: 25.6px; margin-bottom: 1.5em; outline: 0px; padding: 0px; text-align: justify; vertical-align: baseline;\">\nDaniel Coelho (PSDB) aparece em terceiro com 10%, seguido de Priscila Krause (DEM) com 6%. Edilson Silva (PSOL) marca 3%, enquanto Carlos Augusto (PV) tem 1%. Simone Fontana (PSTU) e Pantale\u00e3o (PCO) n\u00e3o pontuaram. Ao todo, 13% dos eleitores disseram que v\u00e3o votar branco ou nulo e 7% afirmam que est\u00e3o indecisos<\/div>\n<div style=\"background-color: white; border: 0px; line-height: 25.6px; margin-bottom: 1.5em; outline: 0px; padding: 0px; text-align: justify; vertical-align: baseline;\">\nNa pesquisa espont\u00e2nea, na qual os nomes dos candidatos n\u00e3o s\u00e3o citados, Jo\u00e3o Paulo aparece com 13% contra 12% de Geraldo J\u00falio.<\/div>\n<div style=\"background-color: white; border: 0px; line-height: 25.6px; margin-bottom: 1.5em; outline: 0px; padding: 0px; text-align: justify; vertical-align: baseline;\">\nO Datafolha tamb\u00e9m mediu a popularidade da gest\u00e3o do prefeito Geraldo Julio. A administra\u00e7\u00e3o do prefeito \u00e9 aprovada por 30% do eleitorado. Outros 45% consideram que a gest\u00e3o \u00e9 regular. J\u00e1 22% dos eleitores dizem reprovar a gest\u00e3o. Entre os entrevistados, 3% n\u00e3o quiseram opinar.<\/div>\n<div style=\"background-color: white; border: 0px; line-height: 25.6px; margin-bottom: 1.5em; outline: 0px; padding: 0px; text-align: justify; vertical-align: baseline;\">\nO levantamento foi feito entre os dias 23 e 24 de agosto e ouviu 815 eleitores do Recife.<\/div>\n","protected":false},"excerpt":{"rendered":"<p>O ex-prefeito Jo\u00e3o Paulo Lima (PT) e o prefeito Geraldo Julio (PSB) lideram a sucess\u00e3o para a Prefeitura de Recife&hellip;<\/p>\n","protected":false},"author":1,"featured_media":0,"comment_status":"open","ping_status":"open","sticky":false,"template":"","format":"standard","meta":{"footnotes":""},"categories":[1],"tags":[2,11980,8583,11981,11703,5170,20,12608,11483,381,1951,3217],"class_list":["post-8497","post","type-post","status-publish","format-standard","hentry","category-sem-categoria","tag-blog-do-edvaldo-magalhaes","tag-daniel-coelho","tag-dem","tag-edilson-silva","tag-geraldo-julio","tag-joao-paulo","tag-politica","tag-prefeitura-do-recife","tag-priscila-krause","tag-psb","tag-psdb","tag-pt"],"_links":{"self":[{"href":"https:\/\/blogdoedvaldomagalhaes.com.br\/index.php\/wp-json\/wp\/v2\/posts\/8497","targetHints":{"allow":["GET"]}}],"collection":[{"href":"https:\/\/blogdoedvaldomagalhaes.com.br\/index.php\/wp-json\/wp\/v2\/posts"}],"about":[{"href":"https:\/\/blogdoedvaldomagalhaes.com.br\/index.php\/wp-json\/wp\/v2\/types\/post"}],"author":[{"embeddable":true,"href":"https:\/\/blogdoedvaldomagalhaes.com.br\/index.php\/wp-json\/wp\/v2\/users\/1"}],"replies":[{"embeddable":true,"href":"https:\/\/blogdoedvaldomagalhaes.com.br\/index.php\/wp-json\/wp\/v2\/comments?post=8497"}],"version-history":[{"count":1,"href":"https:\/\/blogdoedvaldomagalhaes.com.br\/index.php\/wp-json\/wp\/v2\/posts\/8497\/revisions"}],"predecessor-version":[{"id":11772,"href":"https:\/\/blogdoedvaldomagalhaes.com.br\/index.php\/wp-json\/wp\/v2\/posts\/8497\/revisions\/11772"}],"wp:attachment":[{"href":"https:\/\/blogdoedvaldomagalhaes.com.br\/index.php\/wp-json\/wp\/v2\/media?parent=8497"}],"wp:term":[{"taxonomy":"category","embeddable":true,"href":"https:\/\/blogdoedvaldomagalhaes.com.br\/index.php\/wp-json\/wp\/v2\/categories?post=8497"},{"taxonomy":"post_tag","embeddable":true,"href":"https:\/\/blogdoedvaldomagalhaes.com.br\/index.php\/wp-json\/wp\/v2\/tags?post=8497"}],"curies":[{"name":"wp","href":"https:\/\/api.w.org\/{rel}","templated":true}]}}