{"id":8496,"date":"2016-08-26T13:26:00","date_gmt":"2016-08-26T16:26:00","guid":{"rendered":"http:\/\/blogdoedvaldomagalhaes.com.br\/index.php\/2016\/08\/26\/marco-zero-de-caruaru-sedia-eventos\/"},"modified":"2019-02-09T00:56:32","modified_gmt":"2019-02-09T02:56:32","slug":"marco-zero-de-caruaru-sedia-eventos","status":"publish","type":"post","link":"https:\/\/blogdoedvaldomagalhaes.com.br\/index.php\/2016\/08\/26\/marco-zero-de-caruaru-sedia-eventos\/","title":{"rendered":"Marco-zero de Caruaru sedia eventos nesta sexta (26)"},"content":{"rendered":"<div class=\"separator\" style=\"clear: both; text-align: justify;\">\nSemana da Pessoa com Defici\u00eancia:<\/div>\n<div class=\"separator\" style=\"clear: both; text-align: justify;\">\n<\/div>\n<div class=\"separator\" style=\"clear: both; text-align: center;\">\n<a href=\"https:\/\/1.bp.blogspot.com\/-5SCgl5Cl_w0\/V8BLxJoE1tI\/AAAAAAAAFKw\/QfwM5iBbQAMI7bz5JBaMht3DVsEo0m-WgCLcB\/s1600\/IMG-20160826-WA0007.jpg\" imageanchor=\"1\" style=\"margin-left: 1em; margin-right: 1em;\"><img loading=\"lazy\" decoding=\"async\" border=\"0\" height=\"240\" src=\"http:\/\/blogdoedvaldomagalhaes.com.br\/wp-content\/uploads\/2016\/08\/IMG-20160826-WA0007.jpg\" width=\"320\" \/><\/a><\/div>\n<div class=\"separator\" style=\"clear: both; text-align: justify;\">\n<\/div>\n<div class=\"separator\" style=\"clear: both; text-align: justify;\">\nA Secretaria da Mulher e Direitos Humanos de Caruaru d\u00e1 continuidade \u00e0s atividades que integram o calend\u00e1rio em comemora\u00e7\u00e3o aos 10 anos da Lei Maria da Penha, oferecendo servi\u00e7os a popula\u00e7\u00e3o em parceria com a Asces-Unita no Marco Zero:<\/div>\n<p><\/p>\n<div class=\"separator\" style=\"clear: both; text-align: center;\">\n<a href=\"https:\/\/1.bp.blogspot.com\/-TxBdA4lSqXU\/V8BCrfvu98I\/AAAAAAAAFKI\/ws5X6RFhfiUTX5clwt5mCjef5Qq33R2ywCLcB\/s1600\/IMG-20160826-WA0003.jpg\" imageanchor=\"1\" style=\"margin-left: 1em; margin-right: 1em;\"><img loading=\"lazy\" decoding=\"async\" border=\"0\" height=\"240\" src=\"http:\/\/blogdoedvaldomagalhaes.com.br\/wp-content\/uploads\/2016\/08\/IMG-20160826-WA0003.jpg\" width=\"320\" \/><\/a><\/div>\n<div class=\"separator\" style=\"clear: both; text-align: center;\">\n<\/div>\n<p>Exposi\u00e7\u00e3o das Obras de Miseric\u00f3rdias desenvolvidas nas par\u00f3quias da regi\u00e3o:<\/p>\n<div class=\"separator\" style=\"clear: both; text-align: center;\">\n<a href=\"https:\/\/3.bp.blogspot.com\/-G4JRYfVWFpU\/V8BF3qsof9I\/AAAAAAAAFKg\/WDjMGUZ5Dt8QBlHj6mYxPa4c9Ru8MKQMQCLcB\/s1600\/IMG-20160826-WA0005.jpg\" imageanchor=\"1\" style=\"margin-left: 1em; margin-right: 1em;\"><img loading=\"lazy\" decoding=\"async\" border=\"0\" height=\"320\" src=\"http:\/\/blogdoedvaldomagalhaes.com.br\/wp-content\/uploads\/2016\/08\/IMG-20160826-WA0005.jpg\" width=\"240\" \/><\/a><\/div>\n<p><\/p>\n<div class=\"separator\" style=\"clear: both; text-align: center;\">\n<a href=\"https:\/\/1.bp.blogspot.com\/-mz9QqQljqgg\/V8BFW5mkBOI\/AAAAAAAAFKY\/KWSJGhlg3xkzTeLa85k8KzAf6vqLmYgtgCLcB\/s1600\/IMG-20160826-WA0006.jpg\" imageanchor=\"1\" style=\"margin-left: 1em; margin-right: 1em;\"><img loading=\"lazy\" decoding=\"async\" border=\"0\" height=\"240\" src=\"http:\/\/blogdoedvaldomagalhaes.com.br\/wp-content\/uploads\/2016\/08\/IMG-20160826-WA0006.jpg\" width=\"320\" \/><\/a><\/div>\n<p><\/p>\n<div class=\"separator\" style=\"clear: both; text-align: center;\">\n<a href=\"https:\/\/4.bp.blogspot.com\/-EBgaAcOCK_k\/V8BFhPEOp6I\/AAAAAAAAFKc\/qXHrk0wV7C4BGrS2gNYOJieiuu4sduSCgCLcB\/s1600\/IMG-20160826-WA0004.jpg\" imageanchor=\"1\" style=\"margin-left: 1em; margin-right: 1em;\"><img loading=\"lazy\" decoding=\"async\" border=\"0\" height=\"240\" src=\"http:\/\/blogdoedvaldomagalhaes.com.br\/wp-content\/uploads\/2016\/08\/IMG-20160826-WA0004.jpg\" width=\"320\" \/><\/a><\/div>\n<div class=\"separator\" style=\"clear: both; text-align: center;\">\n<\/div>\n<div class=\"separator\" style=\"clear: both; text-align: justify;\">\nTodos esses eventos estao sendo realizados no marco zero de Caruaru ao longo desta sexta-feira (26).<\/div>\n<p><\/p>\n","protected":false},"excerpt":{"rendered":"<p>Semana da Pessoa com Defici\u00eancia: A Secretaria da Mulher e Direitos Humanos de Caruaru d\u00e1 continuidade \u00e0s atividades que integram&hellip;<\/p>\n","protected":false},"author":1,"featured_media":0,"comment_status":"open","ping_status":"open","sticky":false,"template":"","format":"standard","meta":{"footnotes":""},"categories":[1],"tags":[12603,12466,2,12604,6,12605,12606,12607],"class_list":["post-8496","post","type-post","status-publish","format-standard","hentry","category-sem-categoria","tag-10-anos-da-lei-maria-da-penha","tag-alexandre-gallo","tag-blog-do-edvaldo-magalhaes","tag-marco-zero-caruaru","tag-noticias","tag-secretaria-da-mulher-e-direitos-humanos","tag-semana-da-pessoa-com-deficiencia","tag-tendas-da-misericordia"],"_links":{"self":[{"href":"https:\/\/blogdoedvaldomagalhaes.com.br\/index.php\/wp-json\/wp\/v2\/posts\/8496","targetHints":{"allow":["GET"]}}],"collection":[{"href":"https:\/\/blogdoedvaldomagalhaes.com.br\/index.php\/wp-json\/wp\/v2\/posts"}],"about":[{"href":"https:\/\/blogdoedvaldomagalhaes.com.br\/index.php\/wp-json\/wp\/v2\/types\/post"}],"author":[{"embeddable":true,"href":"https:\/\/blogdoedvaldomagalhaes.com.br\/index.php\/wp-json\/wp\/v2\/users\/1"}],"replies":[{"embeddable":true,"href":"https:\/\/blogdoedvaldomagalhaes.com.br\/index.php\/wp-json\/wp\/v2\/comments?post=8496"}],"version-history":[{"count":1,"href":"https:\/\/blogdoedvaldomagalhaes.com.br\/index.php\/wp-json\/wp\/v2\/posts\/8496\/revisions"}],"predecessor-version":[{"id":11778,"href":"https:\/\/blogdoedvaldomagalhaes.com.br\/index.php\/wp-json\/wp\/v2\/posts\/8496\/revisions\/11778"}],"wp:attachment":[{"href":"https:\/\/blogdoedvaldomagalhaes.com.br\/index.php\/wp-json\/wp\/v2\/media?parent=8496"}],"wp:term":[{"taxonomy":"category","embeddable":true,"href":"https:\/\/blogdoedvaldomagalhaes.com.br\/index.php\/wp-json\/wp\/v2\/categories?post=8496"},{"taxonomy":"post_tag","embeddable":true,"href":"https:\/\/blogdoedvaldomagalhaes.com.br\/index.php\/wp-json\/wp\/v2\/tags?post=8496"}],"curies":[{"name":"wp","href":"https:\/\/api.w.org\/{rel}","templated":true}]}}