{"id":8495,"date":"2016-08-26T18:51:00","date_gmt":"2016-08-26T21:51:00","guid":{"rendered":"http:\/\/blogdoedvaldomagalhaes.com.br\/index.php\/2016\/08\/26\/servidores-do-detran-ameacam-deflagrar\/"},"modified":"2019-02-09T00:56:33","modified_gmt":"2019-02-09T02:56:33","slug":"servidores-do-detran-ameacam-deflagrar","status":"publish","type":"post","link":"https:\/\/blogdoedvaldomagalhaes.com.br\/index.php\/2016\/08\/26\/servidores-do-detran-ameacam-deflagrar\/","title":{"rendered":"Servidores do Detran amea\u00e7am deflagrar greve"},"content":{"rendered":"<div class=\"separator\" style=\"clear: both; text-align: center;\">\n<a href=\"https:\/\/2.bp.blogspot.com\/-XEi-E4DGOiY\/V8COvN9_w_I\/AAAAAAAAFLA\/PI4KjrtdFCEhVwqok1RNFLe_s5dJZ3o1QCLcB\/s1600\/IMG-20160826-WA0013.jpg\" imageanchor=\"1\" style=\"margin-left: 1em; margin-right: 1em;\"><img loading=\"lazy\" decoding=\"async\" border=\"0\" height=\"400\" src=\"http:\/\/blogdoedvaldomagalhaes.com.br\/wp-content\/uploads\/2016\/08\/IMG-20160826-WA0013.jpg\" width=\"265\" \/><\/a><\/div>\n<p><\/p>\n<div class=\"separator\" style=\"clear: both; text-align: center;\">\n<a href=\"https:\/\/3.bp.blogspot.com\/-So0KsVadsNE\/V8CO1Pg3pZI\/AAAAAAAAFLE\/avuE15LLhnI3p1YvtzZr5jL17jiP9R1DwCLcB\/s1600\/IMG-20160826-WA0011.jpg\" imageanchor=\"1\" style=\"margin-left: 1em; margin-right: 1em;\"><img loading=\"lazy\" decoding=\"async\" border=\"0\" height=\"400\" src=\"http:\/\/blogdoedvaldomagalhaes.com.br\/wp-content\/uploads\/2016\/08\/IMG-20160826-WA0011.jpg\" width=\"225\" \/><\/a><\/div>\n<p><\/p>\n<div class=\"separator\" style=\"clear: both; text-align: center;\">\n<a href=\"https:\/\/2.bp.blogspot.com\/-Nvr1ExnTE6s\/V8CO8O2gs3I\/AAAAAAAAFLI\/i34OuPwUaCEvTRuNg5dqwG9_EsQxno-UwCLcB\/s1600\/IMG-20160826-WA0014.jpg\" imageanchor=\"1\" style=\"margin-left: 1em; margin-right: 1em;\"><img loading=\"lazy\" decoding=\"async\" border=\"0\" height=\"400\" src=\"http:\/\/blogdoedvaldomagalhaes.com.br\/wp-content\/uploads\/2016\/08\/IMG-20160826-WA0014.jpg\" width=\"225\" \/><\/a><\/div>\n<p><\/p>\n<div class=\"separator\" style=\"clear: both; text-align: center;\">\n<a href=\"https:\/\/4.bp.blogspot.com\/-F4V0159lqAY\/V8CPBUfSO0I\/AAAAAAAAFLM\/qgqI0tIsJDoG_ycmVhUy3EXz8P-YtUSmQCLcB\/s1600\/IMG-20160826-WA0012.jpg\" imageanchor=\"1\" style=\"margin-left: 1em; margin-right: 1em;\"><img loading=\"lazy\" decoding=\"async\" border=\"0\" height=\"320\" src=\"http:\/\/blogdoedvaldomagalhaes.com.br\/wp-content\/uploads\/2016\/08\/IMG-20160826-WA0012.jpg\" width=\"240\" \/><\/a><\/div>\n<div class=\"separator\" style=\"clear: both; text-align: center;\">\n<\/div>\n<div style=\"list-style: none; text-align: justify;\">\nA Associa\u00e7\u00e3o dos Servidores do Departamento Estadual de Tr\u00e2nsito e o Sindicato dos Servidores do Detran de Pernambuco (Sindetran) suspenderam os servi\u00e7os nesta sexta-feira (26).&nbsp;O Sindicato afirmou que a diretoria do \u00f3rg\u00e3o quer afastar o presidente da entidade, Alexandre Bulh\u00f5es.<\/div>\n<div style=\"list-style: none; text-align: justify;\">\n&nbsp;<\/div>\n<div style=\"list-style: none; text-align: justify;\">\nSegundo Bulh\u00f5es, o pedido de afastamento teria liga\u00e7\u00e3o com o fato dele ter passado no concurso, em 2010, e ter perdido o prazo legal para a apresenta\u00e7\u00e3o dos documentos. No entanto, ele assumiu o cargo ap\u00f3s entrar na Justi\u00e7a.&nbsp;<\/div>\n<div style=\"list-style: none; text-align: justify;\">\n&nbsp;<\/div>\n<div style=\"list-style: none; text-align: justify;\">\nA categoria informou que o atendimento ser\u00e1 retomado na pr\u00f3xima segunda-feira (29), por\u00e9m amea\u00e7a deflagrar greve por tempo indeterminado, se Bulh\u00f5es for demitido. A assessoria do \u00f3rg\u00e3o, no entanto, informou&nbsp;que o ato dos servidores n\u00e3o afetou totalmente os servi\u00e7os. Ainda segundo a assessoria, o atendimento \u00e9 parcial.<\/div>\n","protected":false},"excerpt":{"rendered":"<p>A Associa\u00e7\u00e3o dos Servidores do Departamento Estadual de Tr\u00e2nsito e o Sindicato dos Servidores do Detran de Pernambuco (Sindetran) suspenderam&hellip;<\/p>\n","protected":false},"author":1,"featured_media":0,"comment_status":"open","ping_status":"open","sticky":false,"template":"","format":"standard","meta":{"footnotes":""},"categories":[1],"tags":[12601,2,12602,6],"class_list":["post-8495","post","type-post","status-publish","format-standard","hentry","category-sem-categoria","tag-asd-pe","tag-blog-do-edvaldo-magalhaes","tag-greve-detran","tag-noticias"],"_links":{"self":[{"href":"https:\/\/blogdoedvaldomagalhaes.com.br\/index.php\/wp-json\/wp\/v2\/posts\/8495","targetHints":{"allow":["GET"]}}],"collection":[{"href":"https:\/\/blogdoedvaldomagalhaes.com.br\/index.php\/wp-json\/wp\/v2\/posts"}],"about":[{"href":"https:\/\/blogdoedvaldomagalhaes.com.br\/index.php\/wp-json\/wp\/v2\/types\/post"}],"author":[{"embeddable":true,"href":"https:\/\/blogdoedvaldomagalhaes.com.br\/index.php\/wp-json\/wp\/v2\/users\/1"}],"replies":[{"embeddable":true,"href":"https:\/\/blogdoedvaldomagalhaes.com.br\/index.php\/wp-json\/wp\/v2\/comments?post=8495"}],"version-history":[{"count":1,"href":"https:\/\/blogdoedvaldomagalhaes.com.br\/index.php\/wp-json\/wp\/v2\/posts\/8495\/revisions"}],"predecessor-version":[{"id":11783,"href":"https:\/\/blogdoedvaldomagalhaes.com.br\/index.php\/wp-json\/wp\/v2\/posts\/8495\/revisions\/11783"}],"wp:attachment":[{"href":"https:\/\/blogdoedvaldomagalhaes.com.br\/index.php\/wp-json\/wp\/v2\/media?parent=8495"}],"wp:term":[{"taxonomy":"category","embeddable":true,"href":"https:\/\/blogdoedvaldomagalhaes.com.br\/index.php\/wp-json\/wp\/v2\/categories?post=8495"},{"taxonomy":"post_tag","embeddable":true,"href":"https:\/\/blogdoedvaldomagalhaes.com.br\/index.php\/wp-json\/wp\/v2\/tags?post=8495"}],"curies":[{"name":"wp","href":"https:\/\/api.w.org\/{rel}","templated":true}]}}