{"id":8494,"date":"2016-08-26T21:26:00","date_gmt":"2016-08-27T00:26:00","guid":{"rendered":"http:\/\/blogdoedvaldomagalhaes.com.br\/index.php\/2016\/08\/26\/loja-assaltada-e-policia-prende\/"},"modified":"2019-02-09T00:56:33","modified_gmt":"2019-02-09T02:56:33","slug":"loja-assaltada-e-policia-prende","status":"publish","type":"post","link":"https:\/\/blogdoedvaldomagalhaes.com.br\/index.php\/2016\/08\/26\/loja-assaltada-e-policia-prende\/","title":{"rendered":"Loja assaltada em Caruaru, PM prende suspeitos e recupera aparelhos"},"content":{"rendered":"<div class=\"MsoNormal\" style=\"text-align: justify;\">\n<div class=\"separator\" style=\"clear: both; text-align: center;\">\n<\/div>\n<div class=\"separator\" style=\"clear: both; text-align: center;\">\n<\/div>\n<p><\/p>\n<div class=\"separator\" style=\"clear: both; text-align: center;\">\n<a href=\"https:\/\/3.bp.blogspot.com\/-2P5CG2b9R8g\/V8C_ExLZJPI\/AAAAAAAAFLw\/eoPdziRB-x0xf9VdQrL1mrBgosccoyP8ACLcB\/s1600\/99f14442-16b7-451b-a182-861e20544b06.jpg\" imageanchor=\"1\" style=\"margin-left: 1em; margin-right: 1em;\"><img loading=\"lazy\" decoding=\"async\" border=\"0\" height=\"225\" src=\"http:\/\/blogdoedvaldomagalhaes.com.br\/wp-content\/uploads\/2016\/08\/99f14442-16b7-451b-a182-861e20544b06.jpg\" width=\"400\" \/><\/a><\/div>\n<p>\nUma loja de celulares foi assaltada na manh\u00e3 desta<br \/>\nsexta-feira (26), em Caruaru. Quatro homens entraram no estabelecimento, anunciaram o assalto<br \/>\ne levaram aparelhos celulares. O caso foi registrado na rua Frei Caneca, no centro da cidade.<br style=\"outline: 0px;\" \/><br \/>\n<br style=\"outline: 0px;\" \/>A Pol\u00edcia Militar informou que tr\u00eas suspeitos &#8211; que n\u00e3o tiveram as idade<br \/>\ndivulgadas &#8211; foram presos. Tr\u00eas aparelhos celulares e R$ 800 reais foram recuperados.&nbsp;A pol\u00edcia chegou aos suspeitos ap\u00f3s<br \/>\nidentificar o carro usado na fuga.<\/p>\n<p><\/p>\n<div class=\"separator\" style=\"clear: both; text-align: center;\">\n<\/div>\n<div class=\"separator\" style=\"clear: both; text-align: center;\">\nImagens do &#8220;Caruaru no Face&#8221;<\/div>\n<p><\/div>\n","protected":false},"excerpt":{"rendered":"<p>Uma loja de celulares foi assaltada na manh\u00e3 desta sexta-feira (26), em Caruaru. Quatro homens entraram no estabelecimento, anunciaram o&hellip;<\/p>\n","protected":false},"author":1,"featured_media":0,"comment_status":"open","ping_status":"open","sticky":false,"template":"","format":"standard","meta":{"footnotes":""},"categories":[1],"tags":[2,12599,1950,12600,6173,13],"class_list":["post-8494","post","type-post","status-publish","format-standard","hentry","category-sem-categoria","tag-blog-do-edvaldo-magalhaes","tag-loja-assaltada-em-caruaru","tag-noticias-de-caruaru","tag-pm-prende-suspeitos-e-recupera-aparelhos","tag-policia-militar","tag-policial"],"_links":{"self":[{"href":"https:\/\/blogdoedvaldomagalhaes.com.br\/index.php\/wp-json\/wp\/v2\/posts\/8494","targetHints":{"allow":["GET"]}}],"collection":[{"href":"https:\/\/blogdoedvaldomagalhaes.com.br\/index.php\/wp-json\/wp\/v2\/posts"}],"about":[{"href":"https:\/\/blogdoedvaldomagalhaes.com.br\/index.php\/wp-json\/wp\/v2\/types\/post"}],"author":[{"embeddable":true,"href":"https:\/\/blogdoedvaldomagalhaes.com.br\/index.php\/wp-json\/wp\/v2\/users\/1"}],"replies":[{"embeddable":true,"href":"https:\/\/blogdoedvaldomagalhaes.com.br\/index.php\/wp-json\/wp\/v2\/comments?post=8494"}],"version-history":[{"count":1,"href":"https:\/\/blogdoedvaldomagalhaes.com.br\/index.php\/wp-json\/wp\/v2\/posts\/8494\/revisions"}],"predecessor-version":[{"id":11785,"href":"https:\/\/blogdoedvaldomagalhaes.com.br\/index.php\/wp-json\/wp\/v2\/posts\/8494\/revisions\/11785"}],"wp:attachment":[{"href":"https:\/\/blogdoedvaldomagalhaes.com.br\/index.php\/wp-json\/wp\/v2\/media?parent=8494"}],"wp:term":[{"taxonomy":"category","embeddable":true,"href":"https:\/\/blogdoedvaldomagalhaes.com.br\/index.php\/wp-json\/wp\/v2\/categories?post=8494"},{"taxonomy":"post_tag","embeddable":true,"href":"https:\/\/blogdoedvaldomagalhaes.com.br\/index.php\/wp-json\/wp\/v2\/tags?post=8494"}],"curies":[{"name":"wp","href":"https:\/\/api.w.org\/{rel}","templated":true}]}}