{"id":8493,"date":"2016-08-27T02:49:00","date_gmt":"2016-08-27T05:49:00","guid":{"rendered":"http:\/\/blogdoedvaldomagalhaes.com.br\/index.php\/2016\/08\/27\/governo-paulo-camara-e-avaliado-e\/"},"modified":"2019-02-09T00:56:33","modified_gmt":"2019-02-09T02:56:33","slug":"governo-paulo-camara-e-avaliado-e","status":"publish","type":"post","link":"https:\/\/blogdoedvaldomagalhaes.com.br\/index.php\/2016\/08\/27\/governo-paulo-camara-e-avaliado-e\/","title":{"rendered":"Governo Paulo C\u00e2mara \u00e9 avaliado em pesquisa"},"content":{"rendered":"<div id=\"resize\" style=\"list-style: none; margin-top: 40px; text-align: justify;\">\n<div style=\"color: #333333; font-family: &quot;Open Sans&quot;, sans-serif; font-size: 15px; list-style: none; text-align: center;\">\n<img loading=\"lazy\" decoding=\"async\" alt=\"\" height=\"400\" src=\"http:\/\/liberdade.com.br\/painel\/userfiles\/image\/PAULO.jpg\" style=\"list-style: none; vertical-align: top;\" width=\"400\" \/><\/div>\n<div style=\"list-style: none;\">\n&nbsp;<\/div>\n<div style=\"list-style: none;\">\nDivulgada nesta sexta-feira (26), uma pesquisa feita pelo Datafolha sobre a administra\u00e7\u00e3o do governador Paulo C\u00e2mara, do PSB. De acordo com o levantamento, a aprova\u00e7\u00e3o \u00e9 de 21% dos eleitores.<\/div>\n<div style=\"list-style: none;\">\n&nbsp;<\/div>\n<div style=\"list-style: none;\">\nO percentual de aprova\u00e7\u00e3o re\u00fane os entrevistados que avaliam o governo como &#8220;\u00f3timo&#8221; ou &#8220;bom&#8221;. Os que julgam o governo &#8220;ruim&#8221; ou &#8220;p\u00e9ssimo&#8221; s\u00e3o 26%, segundo o Datafolha. Para 48% dos entrevistados, o governo \u00e9 &#8220;regular&#8221;.<\/div>\n<div style=\"list-style: none;\">\n&nbsp;<\/div>\n<div style=\"list-style: none; outline: 0px;\">\n<b style=\"list-style: none;\">Resultado:<\/b><\/div>\n<div style=\"list-style: none; outline: 0px;\">\n&#8211; \u00d3timo\/bom: 21%<br style=\"list-style: none; outline: 0px;\" \/>&#8211; Regular: 48%<br style=\"list-style: none; outline: 0px;\" \/>&#8211; Ruim\/p\u00e9ssimo: 26%<br style=\"list-style: none; outline: 0px;\" \/>&#8211; N\u00e3o sabe\/n\u00e3o respondeu: 5 %<\/div>\n<div style=\"list-style: none;\">\n&nbsp;<\/div>\n<div style=\"list-style: none;\">\nDe zero a dez, a nota m\u00e9dia do governador Paulo C\u00e2mara,&nbsp; segundo os eleitores ouvidos pelo Datafolha, \u00e9 5,4 pontos.<\/div>\n<div style=\"list-style: none; outline: 0px;\">\n&nbsp;<\/div>\n<div style=\"list-style: none;\">\nA pesquisa foi encomendada pela TV Globo e pelo jornal Folha de S.Paulo.<br style=\"list-style: none; outline: 0px;\" \/>O Datafolha ouviu 815 eleitores nos dias 23 e 24 de agosto. A margem de erro \u00e9 de tr\u00eas pontos percentuais, para mais ou para menos.<\/div>\n<\/div>\n","protected":false},"excerpt":{"rendered":"<p>&nbsp; Divulgada nesta sexta-feira (26), uma pesquisa feita pelo Datafolha sobre a administra\u00e7\u00e3o do governador Paulo C\u00e2mara, do PSB. De&hellip;<\/p>\n","protected":false},"author":1,"featured_media":0,"comment_status":"open","ping_status":"open","sticky":false,"template":"","format":"standard","meta":{"footnotes":""},"categories":[1],"tags":[2,3140,999,20,381],"class_list":["post-8493","post","type-post","status-publish","format-standard","hentry","category-sem-categoria","tag-blog-do-edvaldo-magalhaes","tag-noticias-de-pernambuco","tag-paulo-camara","tag-politica","tag-psb"],"_links":{"self":[{"href":"https:\/\/blogdoedvaldomagalhaes.com.br\/index.php\/wp-json\/wp\/v2\/posts\/8493","targetHints":{"allow":["GET"]}}],"collection":[{"href":"https:\/\/blogdoedvaldomagalhaes.com.br\/index.php\/wp-json\/wp\/v2\/posts"}],"about":[{"href":"https:\/\/blogdoedvaldomagalhaes.com.br\/index.php\/wp-json\/wp\/v2\/types\/post"}],"author":[{"embeddable":true,"href":"https:\/\/blogdoedvaldomagalhaes.com.br\/index.php\/wp-json\/wp\/v2\/users\/1"}],"replies":[{"embeddable":true,"href":"https:\/\/blogdoedvaldomagalhaes.com.br\/index.php\/wp-json\/wp\/v2\/comments?post=8493"}],"version-history":[{"count":1,"href":"https:\/\/blogdoedvaldomagalhaes.com.br\/index.php\/wp-json\/wp\/v2\/posts\/8493\/revisions"}],"predecessor-version":[{"id":11786,"href":"https:\/\/blogdoedvaldomagalhaes.com.br\/index.php\/wp-json\/wp\/v2\/posts\/8493\/revisions\/11786"}],"wp:attachment":[{"href":"https:\/\/blogdoedvaldomagalhaes.com.br\/index.php\/wp-json\/wp\/v2\/media?parent=8493"}],"wp:term":[{"taxonomy":"category","embeddable":true,"href":"https:\/\/blogdoedvaldomagalhaes.com.br\/index.php\/wp-json\/wp\/v2\/categories?post=8493"},{"taxonomy":"post_tag","embeddable":true,"href":"https:\/\/blogdoedvaldomagalhaes.com.br\/index.php\/wp-json\/wp\/v2\/tags?post=8493"}],"curies":[{"name":"wp","href":"https:\/\/api.w.org\/{rel}","templated":true}]}}