{"id":8492,"date":"2016-08-27T03:19:00","date_gmt":"2016-08-27T06:19:00","guid":{"rendered":"http:\/\/blogdoedvaldomagalhaes.com.br\/index.php\/2016\/08\/27\/oab-caruaru-inaugura-galeria-dos\/"},"modified":"2019-02-09T00:56:34","modified_gmt":"2019-02-09T02:56:34","slug":"oab-caruaru-inaugura-galeria-dos","status":"publish","type":"post","link":"https:\/\/blogdoedvaldomagalhaes.com.br\/index.php\/2016\/08\/27\/oab-caruaru-inaugura-galeria-dos\/","title":{"rendered":"OAB Caruaru inaugura Galeria dos Presidentes"},"content":{"rendered":"<div class=\"separator\" style=\"clear: both; text-align: center;\">\n<\/div>\n<p><\/p>\n<div class=\"separator\" style=\"clear: both; text-align: center;\">\n<a href=\"https:\/\/3.bp.blogspot.com\/-bGkFGVBGKWg\/V8EDAC-IwxI\/AAAAAAAAFME\/WAGzVZitA_wf30p05J4LBV2Z1q0ntgeZgCLcB\/s1600\/00.jpg\" imageanchor=\"1\" style=\"margin-left: 1em; margin-right: 1em;\"><img loading=\"lazy\" decoding=\"async\" border=\"0\" height=\"300\" src=\"http:\/\/blogdoedvaldomagalhaes.com.br\/wp-content\/uploads\/2016\/08\/00.jpg\" width=\"400\" \/><\/a><\/div>\n<div class=\"separator\" style=\"clear: both; text-align: center;\">\n<\/div>\n<div class=\"separator\" style=\"clear: both; text-align: center;\">\n<a href=\"https:\/\/1.bp.blogspot.com\/-2Fe7m1ML4P8\/V8EDB7cKyUI\/AAAAAAAAFMI\/ElqI9jHGWPE3Xsj6u-qG2KujstbIw0nSQCEw\/s1600\/03.jpg\" imageanchor=\"1\" style=\"margin-left: 1em; margin-right: 1em;\"><img loading=\"lazy\" decoding=\"async\" border=\"0\" height=\"225\" src=\"http:\/\/blogdoedvaldomagalhaes.com.br\/wp-content\/uploads\/2016\/08\/03-7.jpg\" width=\"400\" \/><\/a><\/div>\n<div class=\"separator\" style=\"clear: both; text-align: center;\">\n<\/div>\n<div class=\"separator\" style=\"clear: both; text-align: center;\">\n<a href=\"https:\/\/3.bp.blogspot.com\/-MnYMC80Urf4\/V8EDdfySmkI\/AAAAAAAAFMM\/1MG6Xib4hzA7I43V3Fw-fKn8MXbs2UujwCLcB\/s1600\/saulo%2B1.jpg\" imageanchor=\"1\" style=\"margin-left: 1em; margin-right: 1em;\"><img loading=\"lazy\" decoding=\"async\" border=\"0\" height=\"225\" src=\"http:\/\/blogdoedvaldomagalhaes.com.br\/wp-content\/uploads\/2016\/08\/saulo1.jpg\" width=\"400\" \/><\/a><\/div>\n<div class=\"separator\" style=\"clear: both; text-align: center;\">\n<\/div>\n<div class=\"separator\" style=\"clear: both; text-align: center;\">\n<a href=\"https:\/\/2.bp.blogspot.com\/-ArN0pV0kwtY\/V8EItq1ahxI\/AAAAAAAAFMk\/sdk_PRoCH-AwJDee6g6vFBibN94MTvuLQCLcB\/s1600\/esta.jpg\" imageanchor=\"1\" style=\"margin-left: 1em; margin-right: 1em;\"><img loading=\"lazy\" decoding=\"async\" border=\"0\" height=\"225\" src=\"http:\/\/blogdoedvaldomagalhaes.com.br\/wp-content\/uploads\/2016\/08\/esta.jpg\" width=\"400\" \/><\/a><\/div>\n<div class=\"separator\" style=\"clear: both; text-align: center;\">\n<\/div>\n<div class=\"separator\" style=\"clear: both; text-align: center;\">\n<a href=\"https:\/\/1.bp.blogspot.com\/-u-U4WZkqUK0\/V8EDukQk1EI\/AAAAAAAAFMQ\/2R7481MeC5A_shZibCAxVGp4j49BR72agCLcB\/s1600\/saulo%2B2.jpg\" imageanchor=\"1\" style=\"margin-left: 1em; margin-right: 1em;\"><img loading=\"lazy\" decoding=\"async\" border=\"0\" height=\"300\" src=\"http:\/\/blogdoedvaldomagalhaes.com.br\/wp-content\/uploads\/2016\/08\/saulo2.jpg\" width=\"400\" \/><\/a><\/div>\n<p><\/p>\n<div style=\"text-align: justify;\">\nNessa sexta-feira (26) na sede da Subsec\u00e7\u00e3o da OAB Caruaru, no bairro do Salgado, &nbsp;foi inaugurada A Galeria dos ex-Presidentes. Trata-se de um resgate da hist\u00f3ria, e foi um momento de emo\u00e7\u00e3o, em um simb\u00f3lico gesto de gratid\u00e3o.<\/p>\n<div class=\"separator\" style=\"clear: both; text-align: center;\">\n<a href=\"https:\/\/1.bp.blogspot.com\/-em8gci54XJI\/V8GeUAHfLBI\/AAAAAAAAFPs\/gKkkubupOe8mSZLEeiCTXE7VFmrvwB4HQCLcB\/s1600\/oab%2B1.jpg\" imageanchor=\"1\" style=\"margin-left: 1em; margin-right: 1em;\"><img loading=\"lazy\" decoding=\"async\" border=\"0\" height=\"266\" src=\"http:\/\/blogdoedvaldomagalhaes.com.br\/wp-content\/uploads\/2016\/08\/oab1-1.jpg\" width=\"400\" \/><\/a><\/div>\n<p><\/p>\n<div class=\"separator\" style=\"clear: both; text-align: center;\">\n<a href=\"https:\/\/1.bp.blogspot.com\/-DY1gyLLFAKY\/V8GeWF328QI\/AAAAAAAAFPw\/WyzEopajXfsqffgUdMiwlwmu9z_7QcLHwCLcB\/s1600\/oab%2B2.jpg\" imageanchor=\"1\" style=\"margin-left: 1em; margin-right: 1em;\"><img loading=\"lazy\" decoding=\"async\" border=\"0\" height=\"266\" src=\"http:\/\/blogdoedvaldomagalhaes.com.br\/wp-content\/uploads\/2016\/08\/oab2-1.jpg\" width=\"400\" \/><\/a><\/div>\n<p><\/p>\n<div class=\"separator\" style=\"clear: both; text-align: center;\">\n<a href=\"https:\/\/1.bp.blogspot.com\/-G0AoKId69Ig\/V8GeYHaB2II\/AAAAAAAAFP0\/VV2cAxm2VmkDpgvO7nXhkSTSoAzP0AMZwCLcB\/s1600\/oab%2B3.jpg\" imageanchor=\"1\" style=\"margin-left: 1em; margin-right: 1em;\"><img loading=\"lazy\" decoding=\"async\" border=\"0\" height=\"266\" src=\"http:\/\/blogdoedvaldomagalhaes.com.br\/wp-content\/uploads\/2016\/08\/oab3-1.jpg\" width=\"400\" \/><\/a><\/div>\n<p><\/p>\n<div class=\"separator\" style=\"clear: both; text-align: center;\">\n<a href=\"https:\/\/1.bp.blogspot.com\/-mtdUf5UMb0E\/V8GeZ6rLBdI\/AAAAAAAAFP4\/vre51Y-Q4v4Xq_Z56iXG3spu7FgXg82rQCLcB\/s1600\/oab%2B4.jpg\" imageanchor=\"1\" style=\"margin-left: 1em; margin-right: 1em;\"><img loading=\"lazy\" decoding=\"async\" border=\"0\" height=\"266\" src=\"http:\/\/blogdoedvaldomagalhaes.com.br\/wp-content\/uploads\/2016\/08\/oab4.jpg\" width=\"400\" \/><\/a><\/div>\n<\/div>\n<div style=\"text-align: justify;\">\n<\/div>\n<div style=\"text-align: justify;\">\nO atual presidente da OAB, Felipe Sampaio, o vice Fernando J\u00fanior, Diretoria e Conselho, reuniram os<br \/>\n ex-Presidentes e os familiares em um ato de respeito e valoriza\u00e7\u00e3o daqueles que se dedicaram a Causa maior da Advocacia. Estiveram presentes os advogados Darley Ferreira, que fundou a Subsec\u00e7\u00e3o da OAB Caruaru, Saulo Amazonas, Margarida Cardoso, Walter Andrade, entre outros.<\/div>\n","protected":false},"excerpt":{"rendered":"<p>Nessa sexta-feira (26) na sede da Subsec\u00e7\u00e3o da OAB Caruaru, no bairro do Salgado, &nbsp;foi inaugurada A Galeria dos ex-Presidentes.&hellip;<\/p>\n","protected":false},"author":1,"featured_media":0,"comment_status":"open","ping_status":"open","sticky":false,"template":"","format":"standard","meta":{"footnotes":""},"categories":[1],"tags":[2,12595,4660,12596,6,12597,12598],"class_list":["post-8492","post","type-post","status-publish","format-standard","hentry","category-sem-categoria","tag-blog-do-edvaldo-magalhaes","tag-darley-ferreira","tag-felipe-sampaio","tag-margarida-cardoso","tag-noticias","tag-oab-caruaru-inaugura-galeria-dos-presidentes","tag-saulo-amazonas"],"_links":{"self":[{"href":"https:\/\/blogdoedvaldomagalhaes.com.br\/index.php\/wp-json\/wp\/v2\/posts\/8492","targetHints":{"allow":["GET"]}}],"collection":[{"href":"https:\/\/blogdoedvaldomagalhaes.com.br\/index.php\/wp-json\/wp\/v2\/posts"}],"about":[{"href":"https:\/\/blogdoedvaldomagalhaes.com.br\/index.php\/wp-json\/wp\/v2\/types\/post"}],"author":[{"embeddable":true,"href":"https:\/\/blogdoedvaldomagalhaes.com.br\/index.php\/wp-json\/wp\/v2\/users\/1"}],"replies":[{"embeddable":true,"href":"https:\/\/blogdoedvaldomagalhaes.com.br\/index.php\/wp-json\/wp\/v2\/comments?post=8492"}],"version-history":[{"count":1,"href":"https:\/\/blogdoedvaldomagalhaes.com.br\/index.php\/wp-json\/wp\/v2\/posts\/8492\/revisions"}],"predecessor-version":[{"id":11796,"href":"https:\/\/blogdoedvaldomagalhaes.com.br\/index.php\/wp-json\/wp\/v2\/posts\/8492\/revisions\/11796"}],"wp:attachment":[{"href":"https:\/\/blogdoedvaldomagalhaes.com.br\/index.php\/wp-json\/wp\/v2\/media?parent=8492"}],"wp:term":[{"taxonomy":"category","embeddable":true,"href":"https:\/\/blogdoedvaldomagalhaes.com.br\/index.php\/wp-json\/wp\/v2\/categories?post=8492"},{"taxonomy":"post_tag","embeddable":true,"href":"https:\/\/blogdoedvaldomagalhaes.com.br\/index.php\/wp-json\/wp\/v2\/tags?post=8492"}],"curies":[{"name":"wp","href":"https:\/\/api.w.org\/{rel}","templated":true}]}}