{"id":849,"date":"2018-10-30T22:03:00","date_gmt":"2018-10-31T00:03:00","guid":{"rendered":"http:\/\/blogdoedvaldomagalhaes.com.br\/index.php\/2018\/10\/30\/nova-frota-de-viaturas-para\/"},"modified":"2019-02-09T02:37:33","modified_gmt":"2019-02-09T04:37:33","slug":"nova-frota-de-viaturas-para","status":"publish","type":"post","link":"https:\/\/blogdoedvaldomagalhaes.com.br\/index.php\/2018\/10\/30\/nova-frota-de-viaturas-para\/","title":{"rendered":"Nova frota de viaturas para fiscaliza\u00e7\u00e3o de tr\u00e2nsito e opera\u00e7\u00f5es da Guarda Municipal em Caruaru"},"content":{"rendered":"<div class=\"separator\" style=\"clear: both; text-align: center;\">\n<a href=\"https:\/\/1.bp.blogspot.com\/-rYl-jW_-QRY\/W9jUy0zHQbI\/AAAAAAAA8qw\/EFwizntuLoUcLGjiFT8vUjxiMCj-uAczACLcBGAs\/s1600\/IMG_20181030_123246702_HDR.jpg\" imageanchor=\"1\" style=\"margin-left: 1em; margin-right: 1em;\"><img loading=\"lazy\" decoding=\"async\" border=\"0\" data-original-height=\"1200\" data-original-width=\"1600\" height=\"480\" src=\"http:\/\/blogdoedvaldomagalhaes.com.br\/wp-content\/uploads\/2018\/10\/IMG_20181030_123246702_HDR.jpg\" width=\"640\" \/><\/a><\/div>\n<p><\/p>\n<div style=\"text-align: justify;\">\nA Prefeita Raquel Lyra, juntamente com a Autarquia de Tr\u00e2nsito e Transportes de Caruaru, entregou, na tarde desta ter\u00e7a-feira (30), 12 novas viaturas de opera\u00e7\u00e3o de tr\u00e2nsito. \u201cNosso compromisso com a seguran\u00e7a p\u00fablica \u00e9 ratificado no nosso plano de governo e o papel, no munic\u00edpio de Caruaru, vem sendo cumprido com o fortalecimento da guarda municipal, com o concurso que ser\u00e1 realizado em dezembro e trazer o plano de cargos e carreiras. Essas novas viaturas ir\u00e3o permitir uma melhor utiliza\u00e7\u00e3o das equipes de seguran\u00e7a e trazer melhorias para o nosso tr\u00e2nsito tamb\u00e9m\u201d, destacou a prefeita de Caruaru, Raquel Lyra.<\/div>\n<div style=\"text-align: justify;\">\n<\/div>\n<div class=\"separator\" style=\"clear: both; text-align: center;\">\n<a href=\"https:\/\/1.bp.blogspot.com\/-OFmmEBeQdu8\/W9jU4HSEcaI\/AAAAAAAA8q0\/g-m2xu4lCbcxlOWyg8RSGeFy8egIwXV1gCLcBGAs\/s1600\/IMG_20181030_120640889_HDR.jpg\" imageanchor=\"1\" style=\"margin-left: 1em; margin-right: 1em;\"><img loading=\"lazy\" decoding=\"async\" border=\"0\" data-original-height=\"1200\" data-original-width=\"1600\" height=\"480\" src=\"http:\/\/blogdoedvaldomagalhaes.com.br\/wp-content\/uploads\/2018\/10\/IMG_20181030_120640889_HDR.jpg\" width=\"640\" \/><\/a><\/div>\n<p><\/p>\n<div style=\"text-align: justify;\">\nNa ocasi\u00e3o foram entregues cinco viaturas para as equipes de Tr\u00e2nsito, tr\u00eas viaturas para a Guarda Municipal e quatro viaturas para opera\u00e7\u00f5es da Destra. \u201cEssas novas viaturas nos d\u00e3o a oportunidade de poder exercer a nossa fun\u00e7\u00e3o com mais qualidade e agilidade. Agradecemos ao poder executivo municipal por nos oferecer melhorias no fortalecimento da equipe e, assim, podermos atender a popula\u00e7\u00e3o da melhor forma\u201d, finalizou o gerente de fiscaliza\u00e7\u00e3o da Destra, Eder Lopes.<\/div>\n<p><\/p>\n<div>\n<\/div>\n<div class=\"separator\" style=\"clear: both; text-align: center;\">\n<a href=\"https:\/\/3.bp.blogspot.com\/-qU-_4JXurXM\/W9jU6OYTS3I\/AAAAAAAA8q4\/AmURhbOEHYkpatpWxBdcnpp27ygzsyYdQCLcBGAs\/s1600\/IMG_20181030_122258543_HDR.jpg\" imageanchor=\"1\" style=\"margin-left: 1em; margin-right: 1em;\"><img loading=\"lazy\" decoding=\"async\" border=\"0\" data-original-height=\"1200\" data-original-width=\"1600\" height=\"480\" src=\"http:\/\/blogdoedvaldomagalhaes.com.br\/wp-content\/uploads\/2018\/10\/IMG_20181030_122258543_HDR.jpg\" width=\"640\" \/><\/a><\/div>\n<p><\/p>\n<div style=\"text-align: justify;\">\nNa solenidade de entrega, tamb\u00e9m estavam presentes o vice-prefeito Rodrigo Pinheiro; o secret\u00e1rio municipal de Ordem P\u00fablica, Gilmar Oliveira; o presidente da C\u00e2mara Municipal, Lula Torres, os vereadores Edmilson do Salgado, Bruno Lambreta, Tafarel F\u00e9lix, Duda do Vassoural, \u00cdtalo Henrique e Ranilson dos Santos; al\u00e9m dos secret\u00e1rios das diversas pastas do munic\u00edpio.&nbsp;<\/div>\n<div style=\"text-align: justify;\">\n<\/div>\n","protected":false},"excerpt":{"rendered":"<p>A Prefeita Raquel Lyra, juntamente com a Autarquia de Tr\u00e2nsito e Transportes de Caruaru, entregou, na tarde desta ter\u00e7a-feira (30),&hellip;<\/p>\n","protected":false},"author":1,"featured_media":0,"comment_status":"open","ping_status":"open","sticky":false,"template":"","format":"standard","meta":{"footnotes":""},"categories":[1],"tags":[2,6,793],"class_list":["post-849","post","type-post","status-publish","format-standard","hentry","category-sem-categoria","tag-blog-do-edvaldo-magalhaes","tag-noticias","tag-nova-frota-de-viaturas-para-fiscalizacao-de-transito-e-operacoes-da-guarda-municipal-em-caruaru"],"_links":{"self":[{"href":"https:\/\/blogdoedvaldomagalhaes.com.br\/index.php\/wp-json\/wp\/v2\/posts\/849","targetHints":{"allow":["GET"]}}],"collection":[{"href":"https:\/\/blogdoedvaldomagalhaes.com.br\/index.php\/wp-json\/wp\/v2\/posts"}],"about":[{"href":"https:\/\/blogdoedvaldomagalhaes.com.br\/index.php\/wp-json\/wp\/v2\/types\/post"}],"author":[{"embeddable":true,"href":"https:\/\/blogdoedvaldomagalhaes.com.br\/index.php\/wp-json\/wp\/v2\/users\/1"}],"replies":[{"embeddable":true,"href":"https:\/\/blogdoedvaldomagalhaes.com.br\/index.php\/wp-json\/wp\/v2\/comments?post=849"}],"version-history":[{"count":1,"href":"https:\/\/blogdoedvaldomagalhaes.com.br\/index.php\/wp-json\/wp\/v2\/posts\/849\/revisions"}],"predecessor-version":[{"id":35403,"href":"https:\/\/blogdoedvaldomagalhaes.com.br\/index.php\/wp-json\/wp\/v2\/posts\/849\/revisions\/35403"}],"wp:attachment":[{"href":"https:\/\/blogdoedvaldomagalhaes.com.br\/index.php\/wp-json\/wp\/v2\/media?parent=849"}],"wp:term":[{"taxonomy":"category","embeddable":true,"href":"https:\/\/blogdoedvaldomagalhaes.com.br\/index.php\/wp-json\/wp\/v2\/categories?post=849"},{"taxonomy":"post_tag","embeddable":true,"href":"https:\/\/blogdoedvaldomagalhaes.com.br\/index.php\/wp-json\/wp\/v2\/tags?post=849"}],"curies":[{"name":"wp","href":"https:\/\/api.w.org\/{rel}","templated":true}]}}