{"id":8481,"date":"2016-08-28T05:19:00","date_gmt":"2016-08-28T08:19:00","guid":{"rendered":"http:\/\/blogdoedvaldomagalhaes.com.br\/index.php\/2016\/08\/28\/exposicao-itinerante-luiz-gonzaga-no\/"},"modified":"2019-02-09T00:57:03","modified_gmt":"2019-02-09T02:57:03","slug":"exposicao-itinerante-luiz-gonzaga-no","status":"publish","type":"post","link":"https:\/\/blogdoedvaldomagalhaes.com.br\/index.php\/2016\/08\/28\/exposicao-itinerante-luiz-gonzaga-no\/","title":{"rendered":"Exposi\u00e7\u00e3o itinerante Luiz Gonzaga no Alto do Moura"},"content":{"rendered":"<div class=\"separator\" style=\"clear: both; text-align: center;\">\n<a href=\"https:\/\/3.bp.blogspot.com\/-dH5Rj1Zug74\/V8Jz3evX4uI\/AAAAAAAAFUI\/T3Aa4Cl67bgKj2tvrygcVW_Cl1rxJ440ACLcB\/s1600\/foto.jpg\" imageanchor=\"1\" style=\"margin-left: 1em; margin-right: 1em;\"><img loading=\"lazy\" decoding=\"async\" border=\"0\" height=\"300\" src=\"http:\/\/blogdoedvaldomagalhaes.com.br\/wp-content\/uploads\/2016\/08\/foto-1.jpg\" width=\"400\" \/><\/a><\/div>\n<div style=\"list-style: none; text-align: justify;\">\n<\/div>\n<div style=\"list-style: none; text-align: justify;\">\nAcontece at\u00e9 este domingo (28), no Alto do Moura, em Caruaru, a exposi\u00e7\u00e3o itinerante Luiz Gonzaga. A mostra, que se encontra no Sal\u00e3o de Seu Deda, traz objetos e fotos sobre a trajet\u00f3ria do Rei do Bai\u00e3o.<\/div>\n<div style=\"list-style: none; text-align: justify;\">\n&nbsp;<\/div>\n<div style=\"list-style: none; text-align: justify;\">\nA exposi\u00e7\u00e3o integra a programa\u00e7\u00e3o do Festival de Inverno do Alto do Moura, com v\u00e1rias atra\u00e7\u00f5es neste fim de semana.&nbsp;<\/div>\n","protected":false},"excerpt":{"rendered":"<p>Acontece at\u00e9 este domingo (28), no Alto do Moura, em Caruaru, a exposi\u00e7\u00e3o itinerante Luiz Gonzaga. A mostra, que se&hellip;<\/p>\n","protected":false},"author":1,"featured_media":0,"comment_status":"open","ping_status":"open","sticky":false,"template":"","format":"standard","meta":{"footnotes":""},"categories":[1],"tags":[2,12564,12565,6,12566,12567],"class_list":["post-8481","post","type-post","status-publish","format-standard","hentry","category-sem-categoria","tag-blog-do-edvaldo-magalhaes","tag-exposicao-itinerante-luiz-gonzaga-no-alto-do-moura","tag-festival-de-inverno-do-alto-do-moura","tag-noticias","tag-rei-do-baiao","tag-salao-de-seu-deda"],"_links":{"self":[{"href":"https:\/\/blogdoedvaldomagalhaes.com.br\/index.php\/wp-json\/wp\/v2\/posts\/8481","targetHints":{"allow":["GET"]}}],"collection":[{"href":"https:\/\/blogdoedvaldomagalhaes.com.br\/index.php\/wp-json\/wp\/v2\/posts"}],"about":[{"href":"https:\/\/blogdoedvaldomagalhaes.com.br\/index.php\/wp-json\/wp\/v2\/types\/post"}],"author":[{"embeddable":true,"href":"https:\/\/blogdoedvaldomagalhaes.com.br\/index.php\/wp-json\/wp\/v2\/users\/1"}],"replies":[{"embeddable":true,"href":"https:\/\/blogdoedvaldomagalhaes.com.br\/index.php\/wp-json\/wp\/v2\/comments?post=8481"}],"version-history":[{"count":1,"href":"https:\/\/blogdoedvaldomagalhaes.com.br\/index.php\/wp-json\/wp\/v2\/posts\/8481\/revisions"}],"predecessor-version":[{"id":11901,"href":"https:\/\/blogdoedvaldomagalhaes.com.br\/index.php\/wp-json\/wp\/v2\/posts\/8481\/revisions\/11901"}],"wp:attachment":[{"href":"https:\/\/blogdoedvaldomagalhaes.com.br\/index.php\/wp-json\/wp\/v2\/media?parent=8481"}],"wp:term":[{"taxonomy":"category","embeddable":true,"href":"https:\/\/blogdoedvaldomagalhaes.com.br\/index.php\/wp-json\/wp\/v2\/categories?post=8481"},{"taxonomy":"post_tag","embeddable":true,"href":"https:\/\/blogdoedvaldomagalhaes.com.br\/index.php\/wp-json\/wp\/v2\/tags?post=8481"}],"curies":[{"name":"wp","href":"https:\/\/api.w.org\/{rel}","templated":true}]}}