{"id":848,"date":"2018-10-30T22:18:00","date_gmt":"2018-10-31T00:18:00","guid":{"rendered":"http:\/\/blogdoedvaldomagalhaes.com.br\/index.php\/2018\/10\/30\/formato-do-sao-joao-2019-foi-debatido\/"},"modified":"2019-02-09T02:37:33","modified_gmt":"2019-02-09T04:37:33","slug":"formato-do-sao-joao-2019-foi-debatido","status":"publish","type":"post","link":"https:\/\/blogdoedvaldomagalhaes.com.br\/index.php\/2018\/10\/30\/formato-do-sao-joao-2019-foi-debatido\/","title":{"rendered":"Formato do S\u00e3o Jo\u00e3o 2019 foi debatido por membros da sociedade caruaruense nesta ter\u00e7a (30)"},"content":{"rendered":"<div class=\"separator\" style=\"clear: both; text-align: center;\">\n<a href=\"https:\/\/1.bp.blogspot.com\/-wwVs2Wq8jDQ\/W9jYU08Y0kI\/AAAAAAAA8rI\/9nHtaoPAriIfrAiH6l-eOtnYWDQKXox2QCLcBGAs\/s1600\/s%25C3%25A3o%2B1.JPG\" imageanchor=\"1\" style=\"margin-left: 1em; margin-right: 1em;\"><img loading=\"lazy\" decoding=\"async\" border=\"0\" data-original-height=\"1065\" data-original-width=\"1600\" height=\"424\" src=\"http:\/\/blogdoedvaldomagalhaes.com.br\/wp-content\/uploads\/2018\/10\/sC3A3o1.jpg\" width=\"640\" \/><\/a><\/div>\n<div class=\"separator\" style=\"clear: both; text-align: center;\">\nFotos: Jana\u00edna Pepeu\/Divulga\u00e7\u00e3o<\/div>\n<div style=\"text-align: justify;\">\n<\/div>\n<div style=\"text-align: justify;\">\nNesta ter\u00e7a-feira (30), foi realizado, no audit\u00f3rio da Associa\u00e7\u00e3o Comercial e Empresarial de Caruaru (ACIC), um semin\u00e1rio que reuniu a sociedade civil, imprensa e convidados para debater o formato do S\u00e3o Jo\u00e3o do ano que vem. No encontro, foi apresentada uma pesquisa sobre a festa deste ano e os convidados puderam dar sugest\u00f5es para melhorias sobre o evento junino de 2019.<\/div>\n<div style=\"text-align: justify;\">\n<\/div>\n<div class=\"separator\" style=\"clear: both; text-align: center;\">\n<a href=\"https:\/\/2.bp.blogspot.com\/-QbrFSByNjQw\/W9jYe7lyYtI\/AAAAAAAA8rM\/5DXHVXbXJHEyh0pqe2w1K3_SYSuZ1G7-wCLcBGAs\/s1600\/s%25C3%25A3o%2B2.JPG\" imageanchor=\"1\" style=\"margin-left: 1em; margin-right: 1em;\"><img loading=\"lazy\" decoding=\"async\" border=\"0\" data-original-height=\"1065\" data-original-width=\"1600\" height=\"424\" src=\"http:\/\/blogdoedvaldomagalhaes.com.br\/wp-content\/uploads\/2018\/10\/sC3A3o2.jpg\" width=\"640\" \/><\/a><\/div>\n<div style=\"text-align: justify;\">\n<\/div>\n<div style=\"text-align: justify;\">\nNa pesquisa apresentada pelo secret\u00e1rio de Desenvolvimento Econ\u00f4mico e Economia Criativa, Jo\u00e3o Melo, os n\u00fameros positivos animaram os convidados. \u201cO S\u00e3o Jo\u00e3o de Caruaru 2018 foi um sucesso em todos os aspectos. Tivemos recorde de p\u00fablico, com mais de dois milh\u00f5es de visitantes, 513 atra\u00e7\u00f5es art\u00edsticas espalhadas em 22 polos na cidade e na zona rural e uma alegria que contagiou toda a cidade\u201d, pontuou.&nbsp;<\/p>\n<div class=\"separator\" style=\"clear: both; text-align: center;\">\n<a href=\"https:\/\/2.bp.blogspot.com\/-7gfyuYjH20w\/W9jZ0EcYh-I\/AAAAAAAA8rc\/wSNRoY4KurM-girBtUdCRqM-lcOo8sz8ACLcBGAs\/s1600\/s%25C3%25A3o%2B3.JPG\" imageanchor=\"1\" style=\"margin-left: 1em; margin-right: 1em;\"><img loading=\"lazy\" decoding=\"async\" border=\"0\" data-original-height=\"1065\" data-original-width=\"1600\" height=\"424\" src=\"http:\/\/blogdoedvaldomagalhaes.com.br\/wp-content\/uploads\/2018\/10\/sC3A3o3.jpg\" width=\"640\" \/><\/a><\/div>\n<p>\n\u201cEsse di\u00e1logo com todos \u00e9 a proposta da prefeita Raquel Lyra. Ap\u00f3s avalia\u00e7\u00e3o interna do S\u00e3o Jo\u00e3o, resolvemos ouvir os diversos segmentos da sociedade. Existe um planejamento, precisamos ter a opini\u00e3o das pessoas. Foram sete eixos debatidos hoje, anotamos as sugest\u00f5es e vamos avaliar como melhorar ainda mais a festa\u201d, afirmou a presidente da Funda\u00e7\u00e3o de Cultura e Turismo de Caruaru, Maria Alves.<\/p>\n<\/div>\n","protected":false},"excerpt":{"rendered":"<p>Fotos: Jana\u00edna Pepeu\/Divulga\u00e7\u00e3o Nesta ter\u00e7a-feira (30), foi realizado, no audit\u00f3rio da Associa\u00e7\u00e3o Comercial e Empresarial de Caruaru (ACIC), um semin\u00e1rio&hellip;<\/p>\n","protected":false},"author":1,"featured_media":0,"comment_status":"open","ping_status":"open","sticky":false,"template":"","format":"standard","meta":{"footnotes":""},"categories":[1],"tags":[2,792,6],"class_list":["post-848","post","type-post","status-publish","format-standard","hentry","category-sem-categoria","tag-blog-do-edvaldo-magalhaes","tag-formato-do-sao-joao-2019-foi-debatido-por-membros-da-sociedade-caruaruense-nesta-terca-30","tag-noticias"],"_links":{"self":[{"href":"https:\/\/blogdoedvaldomagalhaes.com.br\/index.php\/wp-json\/wp\/v2\/posts\/848","targetHints":{"allow":["GET"]}}],"collection":[{"href":"https:\/\/blogdoedvaldomagalhaes.com.br\/index.php\/wp-json\/wp\/v2\/posts"}],"about":[{"href":"https:\/\/blogdoedvaldomagalhaes.com.br\/index.php\/wp-json\/wp\/v2\/types\/post"}],"author":[{"embeddable":true,"href":"https:\/\/blogdoedvaldomagalhaes.com.br\/index.php\/wp-json\/wp\/v2\/users\/1"}],"replies":[{"embeddable":true,"href":"https:\/\/blogdoedvaldomagalhaes.com.br\/index.php\/wp-json\/wp\/v2\/comments?post=848"}],"version-history":[{"count":1,"href":"https:\/\/blogdoedvaldomagalhaes.com.br\/index.php\/wp-json\/wp\/v2\/posts\/848\/revisions"}],"predecessor-version":[{"id":35407,"href":"https:\/\/blogdoedvaldomagalhaes.com.br\/index.php\/wp-json\/wp\/v2\/posts\/848\/revisions\/35407"}],"wp:attachment":[{"href":"https:\/\/blogdoedvaldomagalhaes.com.br\/index.php\/wp-json\/wp\/v2\/media?parent=848"}],"wp:term":[{"taxonomy":"category","embeddable":true,"href":"https:\/\/blogdoedvaldomagalhaes.com.br\/index.php\/wp-json\/wp\/v2\/categories?post=848"},{"taxonomy":"post_tag","embeddable":true,"href":"https:\/\/blogdoedvaldomagalhaes.com.br\/index.php\/wp-json\/wp\/v2\/tags?post=848"}],"curies":[{"name":"wp","href":"https:\/\/api.w.org\/{rel}","templated":true}]}}