{"id":8477,"date":"2016-08-28T22:34:00","date_gmt":"2016-08-29T01:34:00","guid":{"rendered":"http:\/\/blogdoedvaldomagalhaes.com.br\/index.php\/2016\/08\/28\/juiz-proibe-propaganda-que-liga-tony\/"},"modified":"2019-02-09T00:57:08","modified_gmt":"2019-02-09T02:57:08","slug":"juiz-proibe-propaganda-que-liga-tony","status":"publish","type":"post","link":"https:\/\/blogdoedvaldomagalhaes.com.br\/index.php\/2016\/08\/28\/juiz-proibe-propaganda-que-liga-tony\/","title":{"rendered":"Juiz pro\u00edbe propaganda que liga Tony Gel a Neguinho Teixeira"},"content":{"rendered":"<div class=\"separator\" style=\"clear: both; text-align: center;\">\n<a href=\"https:\/\/1.bp.blogspot.com\/-17_xiEcamjk\/V8NmgSquGiI\/AAAAAAAAFZ0\/cnQfN9KVdPQgmaw9Xhst3IHbI9p1ky0LQCLcB\/s1600\/juiz.jpg\" imageanchor=\"1\" style=\"margin-left: 1em; margin-right: 1em;\"><img loading=\"lazy\" decoding=\"async\" border=\"0\" height=\"400\" src=\"http:\/\/blogdoedvaldomagalhaes.com.br\/wp-content\/uploads\/2016\/08\/juiz-1.jpg\" width=\"257\" \/><\/a><\/div>\n<p><\/p>\n<div style=\"text-align: justify;\">\nEm decis\u00e3o publicada hoje \u00e0s 14h no Mural Eletr\u00f4nico do TRE-PE, referente \u00e0 Representa\u00e7\u00e3o n\u00ba 20-26\/2016, movida pela Coliga\u00e7\u00e3o \u201cA For\u00e7a do Povo\u201d em desfavor da Coliga\u00e7\u00e3o \u201cCaruaru Cada Vez Melhor\u201d e do pr\u00e9-candidato a prefeito Jorge Gomes e vice Louise Caroline, o Juiz da Propaganda Eleitoral Dr. Bras\u00edlio Guerra, deferiu liminar em favor do candidato Tony Gel determinando a imediata retirada da inser\u00e7\u00e3o naquilo em que insinuam a liga\u00e7\u00e3o entre Neguinho Teixeira e Tony Gel. A representa\u00e7\u00e3o foi movida em decorr\u00eancia da inser\u00e7\u00e3o, na qual, o candidato Jorge Gomes fala que Caruaru n\u00e3o pode ter \u201coutro Neguinho Teixeira\u201d. Segundo o Magistrado na referida inser\u00e7\u00e3o h\u00e1 ind\u00edcios que a mensagem exp\u00f5e o candidato Tony Gel, ofendendo-o.<\/div>\n<div style=\"text-align: justify;\">\nDo Blog de M\u00e1rio Fl\u00e1vio<\/div>\n","protected":false},"excerpt":{"rendered":"<p>Em decis\u00e3o publicada hoje \u00e0s 14h no Mural Eletr\u00f4nico do TRE-PE, referente \u00e0 Representa\u00e7\u00e3o n\u00ba 20-26\/2016, movida pela Coliga\u00e7\u00e3o \u201cA&hellip;<\/p>\n","protected":false},"author":1,"featured_media":0,"comment_status":"open","ping_status":"open","sticky":false,"template":"","format":"standard","meta":{"footnotes":""},"categories":[1],"tags":[2,10171,5151,10109,12560,3121,20,995,8671],"class_list":["post-8477","post","type-post","status-publish","format-standard","hentry","category-sem-categoria","tag-blog-do-edvaldo-magalhaes","tag-brasilio-guerra","tag-jorge-gomes","tag-louise-caroline","tag-neguinho-teixeira","tag-noticias-da-politica","tag-politica","tag-tony-gel","tag-tre-pe"],"_links":{"self":[{"href":"https:\/\/blogdoedvaldomagalhaes.com.br\/index.php\/wp-json\/wp\/v2\/posts\/8477","targetHints":{"allow":["GET"]}}],"collection":[{"href":"https:\/\/blogdoedvaldomagalhaes.com.br\/index.php\/wp-json\/wp\/v2\/posts"}],"about":[{"href":"https:\/\/blogdoedvaldomagalhaes.com.br\/index.php\/wp-json\/wp\/v2\/types\/post"}],"author":[{"embeddable":true,"href":"https:\/\/blogdoedvaldomagalhaes.com.br\/index.php\/wp-json\/wp\/v2\/users\/1"}],"replies":[{"embeddable":true,"href":"https:\/\/blogdoedvaldomagalhaes.com.br\/index.php\/wp-json\/wp\/v2\/comments?post=8477"}],"version-history":[{"count":1,"href":"https:\/\/blogdoedvaldomagalhaes.com.br\/index.php\/wp-json\/wp\/v2\/posts\/8477\/revisions"}],"predecessor-version":[{"id":11909,"href":"https:\/\/blogdoedvaldomagalhaes.com.br\/index.php\/wp-json\/wp\/v2\/posts\/8477\/revisions\/11909"}],"wp:attachment":[{"href":"https:\/\/blogdoedvaldomagalhaes.com.br\/index.php\/wp-json\/wp\/v2\/media?parent=8477"}],"wp:term":[{"taxonomy":"category","embeddable":true,"href":"https:\/\/blogdoedvaldomagalhaes.com.br\/index.php\/wp-json\/wp\/v2\/categories?post=8477"},{"taxonomy":"post_tag","embeddable":true,"href":"https:\/\/blogdoedvaldomagalhaes.com.br\/index.php\/wp-json\/wp\/v2\/tags?post=8477"}],"curies":[{"name":"wp","href":"https:\/\/api.w.org\/{rel}","templated":true}]}}