{"id":8472,"date":"2016-08-29T08:35:00","date_gmt":"2016-08-29T11:35:00","guid":{"rendered":"http:\/\/blogdoedvaldomagalhaes.com.br\/index.php\/2016\/08\/29\/tony-gel-sai-na-frente-na-primeira\/"},"modified":"2019-02-09T00:57:10","modified_gmt":"2019-02-09T02:57:10","slug":"tony-gel-sai-na-frente-na-primeira","status":"publish","type":"post","link":"https:\/\/blogdoedvaldomagalhaes.com.br\/index.php\/2016\/08\/29\/tony-gel-sai-na-frente-na-primeira\/","title":{"rendered":"Tony Gel sai na frente na primeira pesquisa eleitoral para a prefeitura de Caruaru"},"content":{"rendered":"<div id=\"resize\" style=\"margin-top: 40px; text-align: justify;\">\n<div style=\"text-align: justify;\">\n<div class=\"separator\" style=\"clear: both; font-size: 15px; text-align: center;\">\n&nbsp;<a href=\"https:\/\/3.bp.blogspot.com\/-qn6DZbps21I\/V8P8I14MJ3I\/AAAAAAAAFbI\/KyFJtW2ziZowP6F3ai468XE2W6ZscyXvQCLcB\/s1600\/CAPA.png\" imageanchor=\"1\" style=\"margin-left: 1em; margin-right: 1em;\"><img loading=\"lazy\" decoding=\"async\" border=\"0\" height=\"100\" src=\"http:\/\/blogdoedvaldomagalhaes.com.br\/wp-content\/uploads\/2016\/08\/CAPA.png\" width=\"320\" \/><\/a><\/div>\n<p>\nO Jornal Folha de Pernambuco traz na<br \/>\nedi\u00e7\u00e3o desta segunda-feira (29), a primeira pesquisa eleitoral para a<br \/>\nPrefeitura de Caruaru realizada pelo Instituto de Pesquisas Sociais,<br \/>\nPol\u00edticas e Econ\u00f4micas (Ipespe).<\/div>\n<div style=\"text-align: justify;\">\n<\/div>\n<div style=\"text-align: justify;\">\n<br \/>\nO deputado estadual Tony Gel, do PMDB,<br \/>\nsaiu na frente com 38% da inten\u00e7\u00e3o de votos, mais que o dobro dos dois<br \/>\npostulantes que dividem o segundo lutar: Erick Lessa, do PR, que det\u00e9m<br \/>\n17% das inten\u00e7\u00f5es de voto e a deputada Raquel Lyra, do PSDB, que aparece<br \/>\ncom 14%.<\/div>\n<div style=\"text-align: justify;\">\n<\/div>\n<div style=\"text-align: justify;\">\n<br \/>\nJ\u00e1 o atual vice-prefeito Jorge Gomes, do<br \/>\n PSB, foi lembrado por apenas 6% dos entrevistados, ficando na quarta<br \/>\nposi\u00e7\u00e3o da pesquisa, que ouviu 400 eleitores, entre os dias 25 e 26 de<br \/>\nagosto. Rivaldo Soares, do PHS, aparece com 2%.<br \/>\nOs candidatos Eduardo Guerra, do PSOL, e Jefferson Abra\u00e3o, do PCB, n\u00e3o<br \/>\npontuaram na pesquisa. Branco e nulo 13%. N\u00e3o soube ou n\u00e3o respondeu 9%.<\/div>\n<div style=\"text-align: justify;\">\n<\/div>\n<div style=\"text-align: justify;\">\n<br \/>\nO apontado pela pesquisa estimulada n\u00e3o<br \/>\nmuda o question\u00e1rio espont\u00e2neo, quando os nomes dos candidatos n\u00e3o s\u00e3o<br \/>\napresentados para os entrevistados. Neste caso, Tony Gel recebeu 31% da<br \/>\ninten\u00e7\u00e3o de votos, seguido por Erick Lessa 11%, Raquel Lyra 9%, Jorge<br \/>\nGomes 5% e Rivaldo Soares 2%. Branco e nulo 17%. N\u00e3o soube ou n\u00e3o<br \/>\nrespondeu 25%.<\/div>\n<div style=\"text-align: justify;\">\n<\/div>\n<div style=\"text-align: justify;\">\n<br \/>\nO estudo tem uma margem de erro de 5%<br \/>\npontos percentuais e est\u00e1 registrado no Tribunal Superior Eleitoral<br \/>\n(TSE), sob o protocolo PE-03007-2016.<\/div>\n<\/div>\n","protected":false},"excerpt":{"rendered":"<p>&nbsp; O Jornal Folha de Pernambuco traz na edi\u00e7\u00e3o desta segunda-feira (29), a primeira pesquisa eleitoral para a Prefeitura de&hellip;<\/p>\n","protected":false},"author":1,"featured_media":0,"comment_status":"open","ping_status":"open","sticky":false,"template":"","format":"standard","meta":{"footnotes":""},"categories":[1],"tags":[2,5151,3121,20,1229,12544],"class_list":["post-8472","post","type-post","status-publish","format-standard","hentry","category-sem-categoria","tag-blog-do-edvaldo-magalhaes","tag-jorge-gomes","tag-noticias-da-politica","tag-politica","tag-raquel-lyra","tag-tony-gel-sai-na-frente-na-primeira-pesquisa-eleitoral-para-a-prefeitura-de-caruaru"],"_links":{"self":[{"href":"https:\/\/blogdoedvaldomagalhaes.com.br\/index.php\/wp-json\/wp\/v2\/posts\/8472","targetHints":{"allow":["GET"]}}],"collection":[{"href":"https:\/\/blogdoedvaldomagalhaes.com.br\/index.php\/wp-json\/wp\/v2\/posts"}],"about":[{"href":"https:\/\/blogdoedvaldomagalhaes.com.br\/index.php\/wp-json\/wp\/v2\/types\/post"}],"author":[{"embeddable":true,"href":"https:\/\/blogdoedvaldomagalhaes.com.br\/index.php\/wp-json\/wp\/v2\/users\/1"}],"replies":[{"embeddable":true,"href":"https:\/\/blogdoedvaldomagalhaes.com.br\/index.php\/wp-json\/wp\/v2\/comments?post=8472"}],"version-history":[{"count":1,"href":"https:\/\/blogdoedvaldomagalhaes.com.br\/index.php\/wp-json\/wp\/v2\/posts\/8472\/revisions"}],"predecessor-version":[{"id":11925,"href":"https:\/\/blogdoedvaldomagalhaes.com.br\/index.php\/wp-json\/wp\/v2\/posts\/8472\/revisions\/11925"}],"wp:attachment":[{"href":"https:\/\/blogdoedvaldomagalhaes.com.br\/index.php\/wp-json\/wp\/v2\/media?parent=8472"}],"wp:term":[{"taxonomy":"category","embeddable":true,"href":"https:\/\/blogdoedvaldomagalhaes.com.br\/index.php\/wp-json\/wp\/v2\/categories?post=8472"},{"taxonomy":"post_tag","embeddable":true,"href":"https:\/\/blogdoedvaldomagalhaes.com.br\/index.php\/wp-json\/wp\/v2\/tags?post=8472"}],"curies":[{"name":"wp","href":"https:\/\/api.w.org\/{rel}","templated":true}]}}