{"id":847,"date":"2018-10-30T22:34:00","date_gmt":"2018-10-31T00:34:00","guid":{"rendered":"http:\/\/blogdoedvaldomagalhaes.com.br\/index.php\/2018\/10\/30\/governo-de-pernambuco-abre-inscricoes\/"},"modified":"2019-02-09T02:37:38","modified_gmt":"2019-02-09T04:37:38","slug":"governo-de-pernambuco-abre-inscricoes","status":"publish","type":"post","link":"https:\/\/blogdoedvaldomagalhaes.com.br\/index.php\/2018\/10\/30\/governo-de-pernambuco-abre-inscricoes\/","title":{"rendered":"Governo de Pernambuco abre inscri\u00e7\u00f5es para programas de Resid\u00eancia 2019"},"content":{"rendered":"<div class=\"separator\" style=\"clear: both; text-align: center;\">\n<a href=\"https:\/\/3.bp.blogspot.com\/-1BQOI91OoJs\/W9jcb_s9pYI\/AAAAAAAA8ro\/px_LTgGuxOkvjy9dHDg0aa-EV84owkJNQCLcBGAs\/s1600\/ia.jpg\" imageanchor=\"1\" style=\"margin-left: 1em; margin-right: 1em;\"><img loading=\"lazy\" decoding=\"async\" border=\"0\" data-original-height=\"277\" data-original-width=\"360\" height=\"490\" src=\"http:\/\/blogdoedvaldomagalhaes.com.br\/wp-content\/uploads\/2018\/10\/ia.jpg\" width=\"640\" \/><\/a><\/div>\n<div style=\"text-align: justify;\">\n<\/div>\n<div style=\"text-align: justify;\">\nJ\u00e1 est\u00e3o abertas as inscri\u00e7\u00f5es para os programas de Resid\u00eancia M\u00e9dica e Multiprofissional da Secretaria Estadual de Sa\u00fade de Pernambuco (SES\/PE) para o ano de 2019. Pioneiro no Brasil na implanta\u00e7\u00e3o de programas de resid\u00eancias, o Governo de Pernambuco refor\u00e7a seu compromisso com a qualifica\u00e7\u00e3o dos profissionais da sa\u00fade e oferta vagas em diversas \u00e1reas. Os editais j\u00e1 est\u00e3o dispon\u00edveis site do Instituto de Apoio \u00e0 Universidade de Pernambuco (IAUPE), entidade organizadora do processo seletivo. O prazo para inscri\u00e7\u00f5es, que devem ser feitas exclusivamente pela internet, se encerra no dia 18 de novembro.&nbsp;&nbsp;<\/div>\n<div style=\"text-align: justify;\">\n<\/div>\n<div style=\"text-align: justify;\">\nSer\u00e3o disponibilizadas 1.342 vagas, sendo 806 para Resid\u00eancia M\u00e9dica e 536 para o programa de Resid\u00eancia Multiprofissional em Sa\u00fade. Os candidatos devem se inscrever na plataforma eletr\u00f4nica www.upenet.com.br. As provas ser\u00e3o realizadas no dia 9 de dezembro, com resultado final a ser divulgado no fim de janeiro de 2019.<\/div>\n<div style=\"text-align: justify;\">\n<\/div>\n<div style=\"text-align: justify;\">\n<b>NOVIDADES<\/b> &#8211; Adotando as novas diretrizes do Minist\u00e9rio da Educa\u00e7\u00e3o (MEC), que modificou o programa de resid\u00eancia de Cirurgia Geral em todo o pa\u00eds, a SES incluiu no edital de Resid\u00eancia M\u00e9dica vagas nas duas novas modalidades propostas pela pasta federal: programa de Cirurgia Geral e o programa de Pr\u00e9-requisito em \u00c1rea Cir\u00fargica B\u00e1sica. A primeira, com tempo de forma\u00e7\u00e3o de tr\u00eas anos, confere ao residente t\u00edtulo de especialista em Cirurgia Geral. Nesta categoria, o residente tamb\u00e9m est\u00e1 apto para a segunda modalidade. Na resid\u00eancia de Cirurgia B\u00e1sica, que tem tempo de forma\u00e7\u00e3o de dois anos, os residentes n\u00e3o receber\u00e3o o t\u00edtulo de especialista (cirurgi\u00e3o geral). O residente em \u00c1rea Cir\u00fargica B\u00e1sica poder\u00e1, ao final do segundo ano, no entanto, concorrer a uma vaga para o terceiro ano. Ambos os programas poder\u00e3o ser utilizados como pr\u00e9-requisito para acesso \u00e0s especialidades cir\u00fargicas que n\u00e3o s\u00e3o de acesso direto, como cirurgia do aparelho digestivo, cirurgia pedi\u00e1trica e cirurgia vascular. No entanto, apenas o programa de Cirurgia Geral (3 anos) servir\u00e1 como pr\u00e9-requisito para acesso \u00e0s \u00e1rea de atua\u00e7\u00e3o em v\u00eddeo e trauma e para o Programa Avan\u00e7ado em Cirurgia Geral.&nbsp;<\/div>\n<div style=\"text-align: justify;\">\n<\/div>\n<div style=\"text-align: justify;\">\nOutro destaque no programa de Resid\u00eancia M\u00e9dica 2019 \u00e9 a cria\u00e7\u00e3o das seis vagas em Clinica M\u00e9dica e duas vagas em Anestesiologia no Hospital dos Servidores do Estado (HSE). &#8220;Nos outros anos, o Hospital dos Servidores s\u00f3 contava com resid\u00eancia em Cirurgia Geral. Com a cria\u00e7\u00e3o de dois novos programas, em Cl\u00ednica M\u00e9dica e Anestesiologia, buscamos qualificar o atendimento aos servidores assistidos na unidade&#8221;, pontua a diretora Geral de Educa\u00e7\u00e3o em Sa\u00fade da SES, Juliana Siqueira.<\/div>\n<div style=\"text-align: justify;\">\n<\/div>\n<div style=\"text-align: justify;\">\nO Instituto de Medicina Integral Professor Fernando Figueira (Imip) tamb\u00e9m receber\u00e1 dois novos programas: o de Transplante de Rim (duas vagas &#8211; R3) e Anestesiologia Pedi\u00e1trica (duas vagas &#8211; R4). &#8220;H\u00e1 a necessidade de qualificar os nossos especialistas em anestesia para cirurgias pedi\u00e1tricas, por isso a import\u00e2ncia de um programa voltado para a \u00e1rea. E Pernambuco, por ser refer\u00eancia em capta\u00e7\u00e3o e transplantes de \u00f3rg\u00e3os, ocupando a primeira posi\u00e7\u00e3o do ranking de procedimentos renais no norte\/nordeste tamb\u00e9m precisa de resid\u00eancias focadas para esses procedimentos&#8221;, comenta Juliana. Outras \u00e1reas importantes para a rede de Aten\u00e7\u00e3o \u00e0 Sa\u00fade tamb\u00e9m foram assistidas no programa de Resid\u00eancia M\u00e9dica, como mastologia, neonatologia, medicina da fam\u00edlia e comunidade, pneumologia, nefrologia e geriatria.<\/div>\n<div style=\"text-align: justify;\">\n<\/div>\n<div style=\"text-align: justify;\">\nJ\u00e1 na Resid\u00eancia Multiprofissional, o enfoque em 2019 ser\u00e1 na otimiza\u00e7\u00e3o dos servi\u00e7os da rede oncol\u00f3gica do Estado, com a implementa\u00e7\u00e3o do programa de F\u00edsica M\u00e9dica, que usa os conhecimentos da f\u00edsica para a medicina. Sua aplica\u00e7\u00e3o \u00e9 utilizada, principalmente, na radioterapia. Em parceria com o Real Hospital Portugu\u00eas (RHP) e a Universidade Federal de Pernambuco (UFPE), o Governo de Pernambuco financiar\u00e1 novo programa para residentes que desejam se qualificar na \u00e1rea. &#8220;A rede oncol\u00f3gica precisa de profissionais preparados para trabalhar nos servi\u00e7os de radioterapia. O Brasil investe em outros segmentos, como medicina nuclear, mas falta aporte na forma\u00e7\u00e3o de recursos humanos, o que concentra a demanda apernas nos m\u00e9dicos. De forma in\u00e9dita, a parceria em Pernambuco possibilita a forma\u00e7\u00e3o desse novo profissional, buscando diminuir o gargalo existente na rede de apoio ao tratamento do paciente com c\u00e2ncer&#8221;, ressalta o coordenador de Resid\u00eancias em Sa\u00fade da SES, Thiago Almeida.&nbsp;<\/div>\n<div style=\"text-align: justify;\">\n<\/div>\n<div style=\"text-align: justify;\">\nAs Resid\u00eancias M\u00e9dica e Multiprofissional s\u00e3o modalidades de p\u00f3s-gradua\u00e7\u00e3o destinadas a m\u00e9dicos e profissionais de sa\u00fade de diversas \u00e1reas, caracterizada por ensino em servi\u00e7o. Atualmente, o Governo de Pernambuco investe cerca de R$ 75 milh\u00f5es em forma\u00e7\u00e3o de especialistas em sa\u00fade, na modalidade de Resid\u00eancia. O quantitativo corresponde a 70% do custeio total dos programas no Estado. Nesse contexto, Pernambuco tem se destacado como um dos mais importantes polos formadores de especialistas, atraindo profissionais de todo o Norte-Nordeste. D\u00favidas em rela\u00e7\u00e3o ao processo seletivo devem ser enviadas para o e-mail: iaupe.residenciamedica2019@gmail.com ou atrav\u00e9s dos telefones (81) 3033-7394 \/ 3033-7397.<\/div>\n<div style=\"text-align: justify;\">\n<\/div>\n<div style=\"text-align: justify;\">\n<\/div>\n","protected":false},"excerpt":{"rendered":"<p>J\u00e1 est\u00e3o abertas as inscri\u00e7\u00f5es para os programas de Resid\u00eancia M\u00e9dica e Multiprofissional da Secretaria Estadual de Sa\u00fade de Pernambuco&hellip;<\/p>\n","protected":false},"author":1,"featured_media":0,"comment_status":"open","ping_status":"open","sticky":false,"template":"","format":"standard","meta":{"footnotes":""},"categories":[1],"tags":[2,791,6],"class_list":["post-847","post","type-post","status-publish","format-standard","hentry","category-sem-categoria","tag-blog-do-edvaldo-magalhaes","tag-governo-de-pernambuco-abre-inscricoes-para-programas-de-residencia-2019","tag-noticias"],"_links":{"self":[{"href":"https:\/\/blogdoedvaldomagalhaes.com.br\/index.php\/wp-json\/wp\/v2\/posts\/847","targetHints":{"allow":["GET"]}}],"collection":[{"href":"https:\/\/blogdoedvaldomagalhaes.com.br\/index.php\/wp-json\/wp\/v2\/posts"}],"about":[{"href":"https:\/\/blogdoedvaldomagalhaes.com.br\/index.php\/wp-json\/wp\/v2\/types\/post"}],"author":[{"embeddable":true,"href":"https:\/\/blogdoedvaldomagalhaes.com.br\/index.php\/wp-json\/wp\/v2\/users\/1"}],"replies":[{"embeddable":true,"href":"https:\/\/blogdoedvaldomagalhaes.com.br\/index.php\/wp-json\/wp\/v2\/comments?post=847"}],"version-history":[{"count":1,"href":"https:\/\/blogdoedvaldomagalhaes.com.br\/index.php\/wp-json\/wp\/v2\/posts\/847\/revisions"}],"predecessor-version":[{"id":35409,"href":"https:\/\/blogdoedvaldomagalhaes.com.br\/index.php\/wp-json\/wp\/v2\/posts\/847\/revisions\/35409"}],"wp:attachment":[{"href":"https:\/\/blogdoedvaldomagalhaes.com.br\/index.php\/wp-json\/wp\/v2\/media?parent=847"}],"wp:term":[{"taxonomy":"category","embeddable":true,"href":"https:\/\/blogdoedvaldomagalhaes.com.br\/index.php\/wp-json\/wp\/v2\/categories?post=847"},{"taxonomy":"post_tag","embeddable":true,"href":"https:\/\/blogdoedvaldomagalhaes.com.br\/index.php\/wp-json\/wp\/v2\/tags?post=847"}],"curies":[{"name":"wp","href":"https:\/\/api.w.org\/{rel}","templated":true}]}}