{"id":8468,"date":"2016-08-29T18:45:00","date_gmt":"2016-08-29T21:45:00","guid":{"rendered":"http:\/\/blogdoedvaldomagalhaes.com.br\/index.php\/2016\/08\/29\/internos-da-funase-de-caruaru-promove\/"},"modified":"2019-02-09T00:57:16","modified_gmt":"2019-02-09T02:57:16","slug":"internos-da-funase-de-caruaru-promove","status":"publish","type":"post","link":"https:\/\/blogdoedvaldomagalhaes.com.br\/index.php\/2016\/08\/29\/internos-da-funase-de-caruaru-promove\/","title":{"rendered":"Internos da Funase de Caruaru promovem rebeli\u00e3o"},"content":{"rendered":"<div style=\"text-align: left;\">\n<div class=\"MsoNormal\" style=\"text-align: justify;\">\n<div class=\"separator\" style=\"clear: both; text-align: center;\">\n<a href=\"https:\/\/3.bp.blogspot.com\/-Oo-86-FL2pw\/V8SlgvoOzsI\/AAAAAAAAFeM\/Ft-WDRaaVRYmrJb5rdgUdaZMcAAwRW9sgCLcB\/s1600\/case.jpg\" imageanchor=\"1\" style=\"margin-left: 1em; margin-right: 1em;\"><img loading=\"lazy\" decoding=\"async\" border=\"0\" height=\"400\" src=\"http:\/\/blogdoedvaldomagalhaes.com.br\/wp-content\/uploads\/2016\/08\/case.jpg\" width=\"240\" \/><\/a><\/div>\n<div class=\"separator\" style=\"clear: both; text-align: center;\">\n<\/div>\n<div class=\"separator\" style=\"clear: both; text-align: center;\">\n<a href=\"https:\/\/3.bp.blogspot.com\/-p3Sr9bhASR0\/V8SlSTyMYkI\/AAAAAAAAFeA\/WKN7-BAf-rAtct5NnBdX3yr_MA8fUIoPQCLcB\/s1600\/case%2B1.jpg\" imageanchor=\"1\" style=\"margin-left: 1em; margin-right: 1em;\"><img loading=\"lazy\" decoding=\"async\" border=\"0\" height=\"400\" src=\"http:\/\/blogdoedvaldomagalhaes.com.br\/wp-content\/uploads\/2016\/08\/case1.jpg\" width=\"240\" \/><\/a><\/div>\n<p><\/p>\n<div class=\"separator\" style=\"clear: both; text-align: center;\">\n<a href=\"https:\/\/4.bp.blogspot.com\/-fI3I0_GVvrU\/V8SlV9WJSUI\/AAAAAAAAFeE\/P9ixfzAEh5MZFwU_ME9PIutgkN2oaFWjQCLcB\/s1600\/case%2B2.jpg\" imageanchor=\"1\" style=\"margin-left: 1em; margin-right: 1em;\"><img loading=\"lazy\" decoding=\"async\" border=\"0\" height=\"400\" src=\"http:\/\/blogdoedvaldomagalhaes.com.br\/wp-content\/uploads\/2016\/08\/case2.jpg\" width=\"240\" \/><\/a><\/div>\n<p><\/p>\n<div class=\"separator\" style=\"clear: both; text-align: center;\">\n<a href=\"https:\/\/3.bp.blogspot.com\/-bjMHQ--c0f4\/V8SlYk5DiUI\/AAAAAAAAFeI\/qZhxxBQ09xEUGbdpQsbWZHJ_DDRTSTxxgCLcB\/s1600\/case%2B3.jpg\" imageanchor=\"1\" style=\"margin-left: 1em; margin-right: 1em;\"><img loading=\"lazy\" decoding=\"async\" border=\"0\" height=\"400\" src=\"http:\/\/blogdoedvaldomagalhaes.com.br\/wp-content\/uploads\/2016\/08\/case3.jpg\" width=\"240\" \/><\/a><\/div>\n<p>\nInternos da<br \/>\nFunda\u00e7\u00e3o de Atendimento Socioeducativo (Funase), em Caruaru, puseram fogo em<br \/>\ncolch\u00f5es e iniciaram uma rebeli\u00e3o por volta das 15h desta segunda-feira (29).<br \/>\nEquipes do 4\u00ba Batalh\u00e3o da Pol\u00edcia Militar e do 2\u00ba Grupamento do Corpo de<br \/>\nBombeiros se encontram no local.<\/div>\n<div class=\"separator\" style=\"clear: both; text-align: center;\">\n<a href=\"https:\/\/3.bp.blogspot.com\/-vMf3wA-M_8E\/V8SHo1lkd0I\/AAAAAAAAFdA\/oWEEcQkMStk1bZ55F7NunKexc3W8JbBeQCEw\/s1600\/2016-08-29%2B15.59.59.jpg\" imageanchor=\"1\" style=\"margin-left: 1em; margin-right: 1em;\"><img loading=\"lazy\" decoding=\"async\" border=\"0\" height=\"300\" src=\"http:\/\/blogdoedvaldomagalhaes.com.br\/wp-content\/uploads\/2016\/08\/2016-08-2915.59.59.jpg\" width=\"400\" \/><\/a><\/div>\n<div class=\"separator\" style=\"clear: both; text-align: center;\">\n<\/div>\n<div style=\"text-align: justify;\">\nDe acordo com informa\u00e7\u00f5es do Tenente Coronel Roberto Galindo, comandante do 4\u00ba BPM a rebeli\u00e3o foi iniciada porque uma pessoa n\u00e3o identificada jogou um pacote contendo maconha de fora para dentro da unidade, e ao ver, os Agentes S\u00f3cio-Educativos recolheram o material, os menores do Centro de Atendimento S\u00f3cio-Educativo (Case), que fica dentro da Funase, n\u00e3o gostaram e tocaram foco em um port\u00e3o e danificaram algumas celas, al\u00e9m de agredir seis Agentes, sendo que dois foram socorridos para uma unidade hospitalar de Caruaru. Um dos menores foi encaminhado para a delegacia por agress\u00e3o aos Agentes.<\/div>\n<div style=\"text-align: justify;\">\n<\/div>\n<\/div>\n<div style=\"text-align: left;\">\n<div class=\"separator\" style=\"clear: both; text-align: center;\">\n<a href=\"https:\/\/4.bp.blogspot.com\/-82OVDl22A9k\/V8SHfb9W8JI\/AAAAAAAAFc4\/2NuPk-eJFqI1zN24xShbUVFV5PmiQY51ACLcB\/s1600\/IMG-20160829-WA0033.jpg\" imageanchor=\"1\" style=\"margin-left: 1em; margin-right: 1em;\"><img loading=\"lazy\" decoding=\"async\" border=\"0\" height=\"300\" src=\"http:\/\/blogdoedvaldomagalhaes.com.br\/wp-content\/uploads\/2016\/08\/IMG-20160829-WA0033.jpg\" width=\"400\" \/><\/a><\/div>\n<p><\/p>\n<div class=\"separator\" style=\"clear: both; text-align: center;\">\n<a href=\"https:\/\/1.bp.blogspot.com\/-A_6UmcXNYhE\/V8SHjdQOhBI\/AAAAAAAAFc8\/99R6QofX9qo9cvruHOBTu9ZAu3-DO3R-wCLcB\/s1600\/IMG-20160829-WA0035.jpg\" imageanchor=\"1\" style=\"margin-left: 1em; margin-right: 1em;\"><img loading=\"lazy\" decoding=\"async\" border=\"0\" height=\"300\" src=\"http:\/\/blogdoedvaldomagalhaes.com.br\/wp-content\/uploads\/2016\/08\/IMG-20160829-WA0035.jpg\" width=\"400\" \/><\/a><\/div>\n<div class=\"separator\" style=\"clear: both; text-align: center;\">\n<\/div>\n<div style=\"text-align: justify;\">\nEstiveram trabalhando nesta rebeli\u00e3o o Bepi, Gati, Patrulha Rural, Patrulha do Bairro e Bombeiro Militar<\/div>\n<div class=\"separator\" style=\"clear: both; text-align: center;\">\n<a href=\"https:\/\/4.bp.blogspot.com\/-tlYik_NyNuA\/V8SIR07_fJI\/AAAAAAAAFdE\/QpauhBJBLSgMyvAQ93lYZJ3H9_MR1RaygCLcB\/s1600\/IMG-20160829-WA0036.jpg\" imageanchor=\"1\" style=\"margin-left: 1em; margin-right: 1em;\"><img loading=\"lazy\" decoding=\"async\" border=\"0\" height=\"300\" src=\"http:\/\/blogdoedvaldomagalhaes.com.br\/wp-content\/uploads\/2016\/08\/IMG-20160829-WA0036.jpg\" width=\"400\" \/><\/a><\/div>\n<div class=\"separator\" style=\"clear: both; text-align: center;\">\n<\/div>\n<div class=\"separator\" style=\"clear: both; text-align: justify;\">\nA Funase Caruau \u00e9 composta pelo Cenipe, Casem e Case, este \u00faltimo foi onde aconteceu a rebeli\u00e3o&nbsp;<\/div>\n<div class=\"separator\" style=\"clear: both; text-align: center;\">\n<\/div>\n<div class=\"separator\" style=\"clear: both; text-align: center;\">\n<a href=\"https:\/\/2.bp.blogspot.com\/-Kf89T89NEAA\/V8SQ3ADNKLI\/AAAAAAAAFdQ\/SSOCTj9GQGwg90Y_Ksmrv4GlKvuQA-5pwCLcB\/s1600\/IMG-20160829-WA0038.jpg\" imageanchor=\"1\" style=\"margin-left: 1em; margin-right: 1em;\"><img loading=\"lazy\" decoding=\"async\" border=\"0\" height=\"400\" src=\"http:\/\/blogdoedvaldomagalhaes.com.br\/wp-content\/uploads\/2016\/08\/IMG-20160829-WA0038.jpg\" width=\"300\" \/><\/a><\/div>\n<div class=\"separator\" style=\"clear: both; text-align: center;\">\n<\/div>\n<div class=\"separator\" style=\"clear: both; text-align: center;\">\n<\/div>\n<div style=\"text-align: center;\">\n<div style=\"text-align: justify;\">\nCuriosos e familiares dos internos ficaram em frente a Funase Caruaru aguardando not\u00edcias<\/p>\n<p><\/p>\n<div class=\"separator\" style=\"clear: both; text-align: center;\">\n<a href=\"https:\/\/2.bp.blogspot.com\/-6UGkASd09ao\/V8ShxLRqGII\/AAAAAAAAFdk\/d62aLKIRN3IE9mG03km2WUh_kDoRecJQQCLcB\/s1600\/2.jpg\" imageanchor=\"1\" style=\"margin-left: 1em; margin-right: 1em;\"><img loading=\"lazy\" decoding=\"async\" border=\"0\" height=\"400\" src=\"http:\/\/blogdoedvaldomagalhaes.com.br\/wp-content\/uploads\/2016\/08\/2-4.jpg\" width=\"298\" \/><\/a><\/div>\n<p><\/p>\n<div class=\"separator\" style=\"clear: both; text-align: center;\">\n<a href=\"https:\/\/2.bp.blogspot.com\/-MDWxbVo0_28\/V8ShydaaLWI\/AAAAAAAAFdo\/AUZtAnSdo0QZQ1Jc9m4aMSUKNrGEYLhugCLcB\/s1600\/3.jpg\" imageanchor=\"1\" style=\"margin-left: 1em; margin-right: 1em;\"><img loading=\"lazy\" decoding=\"async\" border=\"0\" height=\"400\" src=\"http:\/\/blogdoedvaldomagalhaes.com.br\/wp-content\/uploads\/2016\/08\/3-3.jpg\" width=\"298\" \/><\/a><\/div>\n<p><\/p>\n<div class=\"separator\" style=\"clear: both; text-align: center;\">\n<a href=\"https:\/\/4.bp.blogspot.com\/-ybX0pXXSFHo\/V8ShyyB16MI\/AAAAAAAAFds\/b8zo00CtD4wqFXEwNeGMhEhmcWSHJKHuACLcB\/s1600\/4.jpg\" imageanchor=\"1\" style=\"margin-left: 1em; margin-right: 1em;\"><img loading=\"lazy\" decoding=\"async\" border=\"0\" height=\"400\" src=\"http:\/\/blogdoedvaldomagalhaes.com.br\/wp-content\/uploads\/2016\/08\/4-3.jpg\" width=\"298\" \/><\/a><\/div>\n<p><\/p>\n<div class=\"separator\" style=\"clear: both; text-align: center;\">\n<a href=\"https:\/\/4.bp.blogspot.com\/-uc8YexD2dOg\/V8Shz0D0GuI\/AAAAAAAAFdw\/AB4KIML57-gfR8Ad0ZebZtC5HEjUOMN7wCLcB\/s1600\/6.jpg\" imageanchor=\"1\" style=\"margin-left: 1em; margin-right: 1em;\"><img loading=\"lazy\" decoding=\"async\" border=\"0\" height=\"400\" src=\"http:\/\/blogdoedvaldomagalhaes.com.br\/wp-content\/uploads\/2016\/08\/6-3.jpg\" width=\"298\" \/><\/a><\/div>\n<p><\/p>\n<div class=\"separator\" style=\"clear: both; text-align: center;\">\n<a href=\"https:\/\/3.bp.blogspot.com\/--tLUhxWjQwE\/V8Sh1V9rarI\/AAAAAAAAFd0\/oiI0_YCtQog37B7BdyQ37qJfR1aojuOSwCLcB\/s1600\/7.jpg\" imageanchor=\"1\" style=\"margin-left: 1em; margin-right: 1em;\"><img loading=\"lazy\" decoding=\"async\" border=\"0\" height=\"400\" src=\"http:\/\/blogdoedvaldomagalhaes.com.br\/wp-content\/uploads\/2016\/08\/7-3.jpg\" width=\"298\" \/><\/a><\/div>\n<p><\/p>\n<div class=\"separator\" style=\"clear: both; text-align: center;\">\n<a href=\"https:\/\/3.bp.blogspot.com\/-QmFGr_ZucNE\/V8Sh3KkH2xI\/AAAAAAAAFd4\/OE6iqKVWFcUunvB_7awUw4dqeNlhCyLrACLcB\/s1600\/8.jpg\" imageanchor=\"1\" style=\"margin-left: 1em; margin-right: 1em;\"><img loading=\"lazy\" decoding=\"async\" border=\"0\" height=\"400\" src=\"http:\/\/blogdoedvaldomagalhaes.com.br\/wp-content\/uploads\/2016\/08\/8-3.jpg\" width=\"298\" \/><\/a><\/div>\n<p><\/p>\n<div class=\"separator\" style=\"clear: both; text-align: center;\">\n<a href=\"https:\/\/2.bp.blogspot.com\/-OEt9WO-foJM\/V8Shwgl6qTI\/AAAAAAAAFdg\/bZtf8d2-mJYVOHt6NUqirVtwOVMidiz_QCLcB\/s1600\/1.jpg\" imageanchor=\"1\" style=\"margin-left: 1em; margin-right: 1em;\"><img loading=\"lazy\" decoding=\"async\" border=\"0\" height=\"400\" src=\"http:\/\/blogdoedvaldomagalhaes.com.br\/wp-content\/uploads\/2016\/08\/1-5.jpg\" width=\"298\" \/><\/a><\/div>\n<p><\/div>\n<\/div>\n<\/div>\n","protected":false},"excerpt":{"rendered":"<p>Internos da Funda\u00e7\u00e3o de Atendimento Socioeducativo (Funase), em Caruaru, puseram fogo em colch\u00f5es e iniciaram uma rebeli\u00e3o por volta das&hellip;<\/p>\n","protected":false},"author":1,"featured_media":0,"comment_status":"open","ping_status":"open","sticky":false,"template":"","format":"standard","meta":{"footnotes":""},"categories":[1],"tags":[12539,2,11754,12540,13,11173],"class_list":["post-8468","post","type-post","status-publish","format-standard","hentry","category-sem-categoria","tag-bepim-gati","tag-blog-do-edvaldo-magalhaes","tag-case","tag-internos-da-funase-de-caruaru-promovem-rebeliao","tag-policial","tag-tenente-coronel-roberto-galindo"],"_links":{"self":[{"href":"https:\/\/blogdoedvaldomagalhaes.com.br\/index.php\/wp-json\/wp\/v2\/posts\/8468","targetHints":{"allow":["GET"]}}],"collection":[{"href":"https:\/\/blogdoedvaldomagalhaes.com.br\/index.php\/wp-json\/wp\/v2\/posts"}],"about":[{"href":"https:\/\/blogdoedvaldomagalhaes.com.br\/index.php\/wp-json\/wp\/v2\/types\/post"}],"author":[{"embeddable":true,"href":"https:\/\/blogdoedvaldomagalhaes.com.br\/index.php\/wp-json\/wp\/v2\/users\/1"}],"replies":[{"embeddable":true,"href":"https:\/\/blogdoedvaldomagalhaes.com.br\/index.php\/wp-json\/wp\/v2\/comments?post=8468"}],"version-history":[{"count":1,"href":"https:\/\/blogdoedvaldomagalhaes.com.br\/index.php\/wp-json\/wp\/v2\/posts\/8468\/revisions"}],"predecessor-version":[{"id":11953,"href":"https:\/\/blogdoedvaldomagalhaes.com.br\/index.php\/wp-json\/wp\/v2\/posts\/8468\/revisions\/11953"}],"wp:attachment":[{"href":"https:\/\/blogdoedvaldomagalhaes.com.br\/index.php\/wp-json\/wp\/v2\/media?parent=8468"}],"wp:term":[{"taxonomy":"category","embeddable":true,"href":"https:\/\/blogdoedvaldomagalhaes.com.br\/index.php\/wp-json\/wp\/v2\/categories?post=8468"},{"taxonomy":"post_tag","embeddable":true,"href":"https:\/\/blogdoedvaldomagalhaes.com.br\/index.php\/wp-json\/wp\/v2\/tags?post=8468"}],"curies":[{"name":"wp","href":"https:\/\/api.w.org\/{rel}","templated":true}]}}