{"id":8467,"date":"2016-08-30T01:14:00","date_gmt":"2016-08-30T04:14:00","guid":{"rendered":"http:\/\/blogdoedvaldomagalhaes.com.br\/index.php\/2016\/08\/30\/william-bonner-e-fatima-bernardes\/"},"modified":"2019-02-09T00:57:18","modified_gmt":"2019-02-09T02:57:18","slug":"william-bonner-e-fatima-bernardes","status":"publish","type":"post","link":"https:\/\/blogdoedvaldomagalhaes.com.br\/index.php\/2016\/08\/30\/william-bonner-e-fatima-bernardes\/","title":{"rendered":"William Bonner e F\u00e1tima Bernardes anunciam separa\u00e7\u00e3o"},"content":{"rendered":"<div class=\"separator\" style=\"clear: both; text-align: center;\">\n<\/div>\n<div class=\"separator\" style=\"clear: both; text-align: center;\">\n<a href=\"https:\/\/4.bp.blogspot.com\/-wyYTUKl256U\/V8TdmN2SHSI\/AAAAAAAAFek\/-JuQPwE8HqIlYEyjWGMZjO3vPP9ZysoswCLcB\/s1600\/wilian.jpeg\" imageanchor=\"1\" style=\"margin-left: 1em; margin-right: 1em;\"><img loading=\"lazy\" decoding=\"async\" border=\"0\" height=\"265\" src=\"http:\/\/blogdoedvaldomagalhaes.com.br\/wp-content\/uploads\/2016\/08\/wilian.jpeg\" width=\"400\" \/><\/a><\/div>\n<div class=\"separator\" style=\"clear: both; text-align: center;\">\n<\/div>\n<div style=\"background-color: white; border: 0px; font-stretch: inherit; font-variant-numeric: inherit; line-height: 24px; margin-bottom: 20px; padding: 0px; text-align: justify; vertical-align: baseline;\">\nOs jornalistas William Bonner e F\u00e1tima Bernardes anunciaram a separa\u00e7\u00e3o, ap\u00f3s 26 anos de casamento. O titular do &#8220;Jornal Nacional&#8221; e a apresentadora do &#8220;Encontro&#8221; divulgaram a not\u00edcia no Twitter, na noite desta segunda-feira (29):<\/div>\n<div style=\"background-color: white; border: 0px; font-stretch: inherit; font-variant-numeric: inherit; line-height: 24px; margin-bottom: 20px; padding: 0px; text-align: justify; vertical-align: baseline;\">\n&#8220;Em respeito aos amigos e f\u00e3s que conquistamos nos \u00faltimos 26 anos, decidimos comunicar que estamos nos separando. Continuamos amigos, admiradores do trabalho um do outro e pais orgulhosos de tr\u00eas jovens incr\u00edveis. \u00c9 tudo o que temos a declarar sobre o assunto. Agradecemos a compreens\u00e3o, o carinho e o respeito de sempre. William e F\u00e1tima&#8221;, publicaram Bonner e F\u00e1tima na rede social.<\/div>\n<div style=\"background-color: white; border: 0px; font-stretch: inherit; font-variant-numeric: inherit; line-height: 24px; margin-bottom: 20px; padding: 0px; text-align: justify; vertical-align: baseline;\">\nCasal 20 do jornalismo da Globo durante mais de 20 anos, Bonner e F\u00e1tima se conheceram em 1989, quando o jornalista mudou-se para o Rio de Janeiro para apresentar o &#8220;Jornal da Globo&#8221; ao lado da ent\u00e3o colega. Os dois se apaixonaram e casaram em 1990.<\/div>\n<div style=\"background-color: white; border: 0px; font-stretch: inherit; font-variant-numeric: inherit; line-height: 24px; margin-bottom: 20px; padding: 0px; text-align: justify; vertical-align: baseline;\">\nEm 1997, F\u00e1tima realizou insemina\u00e7\u00e3o artificial e deu \u00e0 luz trig\u00eameos, Vin\u00edcius, Laura e Beatriz. No ano seguinte, ela passou a apresentar o &#8220;Jornal Nacional&#8221; ao lado de Bonner. Ficaram 13 anos juntos, at\u00e9 que em 2011 ela deixou a bancada do &#8220;JN&#8221; para lan\u00e7ar o &#8220;Encontro&#8221;, sua estreia no Entretenimento.<\/div>\n<div style=\"background-color: white; border: 0px; font-stretch: inherit; font-variant-numeric: inherit; line-height: 24px; margin-bottom: 20px; padding: 0px; text-align: justify; vertical-align: baseline;\">\nBonner dividiu o telejornal com Patr\u00edcia Poeta e, depois, com Renata Vasconcellos. F\u00e1tima reapareceu no &#8220;Jornal Nacional&#8221; em abril de 2015, no especial de 50 anos da Globo, e julho deste ano, durante o &#8220;Crian\u00e7a Esperan\u00e7a&#8221;.<\/div>\n","protected":false},"excerpt":{"rendered":"<p>Os jornalistas William Bonner e F\u00e1tima Bernardes anunciaram a separa\u00e7\u00e3o, ap\u00f3s 26 anos de casamento. O titular do &#8220;Jornal Nacional&#8221;&hellip;<\/p>\n","protected":false},"author":1,"featured_media":0,"comment_status":"open","ping_status":"open","sticky":false,"template":"","format":"standard","meta":{"footnotes":""},"categories":[1],"tags":[2,12536,12537,6,12538],"class_list":["post-8467","post","type-post","status-publish","format-standard","hentry","category-sem-categoria","tag-blog-do-edvaldo-magalhaes","tag-fatima-bernardes","tag-jornal-nacional","tag-noticias","tag-william-bonner"],"_links":{"self":[{"href":"https:\/\/blogdoedvaldomagalhaes.com.br\/index.php\/wp-json\/wp\/v2\/posts\/8467","targetHints":{"allow":["GET"]}}],"collection":[{"href":"https:\/\/blogdoedvaldomagalhaes.com.br\/index.php\/wp-json\/wp\/v2\/posts"}],"about":[{"href":"https:\/\/blogdoedvaldomagalhaes.com.br\/index.php\/wp-json\/wp\/v2\/types\/post"}],"author":[{"embeddable":true,"href":"https:\/\/blogdoedvaldomagalhaes.com.br\/index.php\/wp-json\/wp\/v2\/users\/1"}],"replies":[{"embeddable":true,"href":"https:\/\/blogdoedvaldomagalhaes.com.br\/index.php\/wp-json\/wp\/v2\/comments?post=8467"}],"version-history":[{"count":1,"href":"https:\/\/blogdoedvaldomagalhaes.com.br\/index.php\/wp-json\/wp\/v2\/posts\/8467\/revisions"}],"predecessor-version":[{"id":11955,"href":"https:\/\/blogdoedvaldomagalhaes.com.br\/index.php\/wp-json\/wp\/v2\/posts\/8467\/revisions\/11955"}],"wp:attachment":[{"href":"https:\/\/blogdoedvaldomagalhaes.com.br\/index.php\/wp-json\/wp\/v2\/media?parent=8467"}],"wp:term":[{"taxonomy":"category","embeddable":true,"href":"https:\/\/blogdoedvaldomagalhaes.com.br\/index.php\/wp-json\/wp\/v2\/categories?post=8467"},{"taxonomy":"post_tag","embeddable":true,"href":"https:\/\/blogdoedvaldomagalhaes.com.br\/index.php\/wp-json\/wp\/v2\/tags?post=8467"}],"curies":[{"name":"wp","href":"https:\/\/api.w.org\/{rel}","templated":true}]}}