{"id":8463,"date":"2016-08-30T14:24:00","date_gmt":"2016-08-30T17:24:00","guid":{"rendered":"http:\/\/blogdoedvaldomagalhaes.com.br\/index.php\/2016\/08\/30\/assembleia-dos-professores-nesta-quarta\/"},"modified":"2019-02-09T00:57:19","modified_gmt":"2019-02-09T02:57:19","slug":"assembleia-dos-professores-nesta-quarta","status":"publish","type":"post","link":"https:\/\/blogdoedvaldomagalhaes.com.br\/index.php\/2016\/08\/30\/assembleia-dos-professores-nesta-quarta\/","title":{"rendered":"Assembl\u00e9ia dos professores nesta quarta-feira (31)"},"content":{"rendered":"<div class=\"separator\" style=\"clear: both; text-align: center;\">\n<\/div>\n<p><\/p>\n<div class=\"separator\" style=\"clear: both; text-align: center;\">\n<a href=\"https:\/\/2.bp.blogspot.com\/-qp_TE57STpI\/V8WXDuo7MoI\/AAAAAAAAFfc\/VBu-9he1SrM2UftnkvKOMhfbGKnGNw0wQCLcB\/s1600\/IMG_7816-e.jpg\" imageanchor=\"1\" style=\"margin-left: 1em; margin-right: 1em;\"><img loading=\"lazy\" decoding=\"async\" border=\"0\" height=\"122\" src=\"http:\/\/blogdoedvaldomagalhaes.com.br\/wp-content\/uploads\/2016\/08\/IMG_7816-e.jpg\" width=\"400\" \/><\/a><\/div>\n<div style=\"text-align: justify;\">\n<\/div>\n<div style=\"text-align: justify;\">\nO Sindicato dos Servidores Municipais de Caruaru (Sismuc) realiza, a partir das 14h, desta quarta-feira (31), na Uni\u00e3o Beneficente, assembleia com os professores da rede municipal de ensino.<\/div>\n<div style=\"text-align: justify;\">\n<\/div>\n<div style=\"text-align: justify;\">\nE a partir da pr\u00f3xima quinta-feira (01) haver\u00e1 mudan\u00e7a no hor\u00e1rio de atendimento do Sismuc, que passa a funcionar das 8h \u00e0s 14h.<\/p>\n<div class=\"separator\" style=\"clear: both; text-align: center;\">\n<a href=\"https:\/\/3.bp.blogspot.com\/-QW6bECPiIKY\/V8Wi9YANHAI\/AAAAAAAAFfw\/DpsbxZRoU0YU3Old7D5A6qZZyG5d1ZbFwCLcB\/s1600\/eduardo.jpg\" imageanchor=\"1\" style=\"margin-left: 1em; margin-right: 1em;\"><img loading=\"lazy\" decoding=\"async\" border=\"0\" height=\"300\" src=\"http:\/\/blogdoedvaldomagalhaes.com.br\/wp-content\/uploads\/2016\/08\/eduardo-3.jpg\" width=\"400\" \/><\/a><\/div>\n<div class=\"separator\" style=\"clear: both; text-align: center;\">\n<\/div>\n<div class=\"separator\" style=\"clear: both; text-align: center;\">\n<\/div>\n<div class=\"separator\" style=\"clear: both; text-align: center;\">\n<\/div>\n<\/div>\n","protected":false},"excerpt":{"rendered":"<p>O Sindicato dos Servidores Municipais de Caruaru (Sismuc) realiza, a partir das 14h, desta quarta-feira (31), na Uni\u00e3o Beneficente, assembleia&hellip;<\/p>\n","protected":false},"author":1,"featured_media":0,"comment_status":"open","ping_status":"open","sticky":false,"template":"","format":"standard","meta":{"footnotes":""},"categories":[1],"tags":[12534,2,6,9326],"class_list":["post-8463","post","type-post","status-publish","format-standard","hentry","category-sem-categoria","tag-assembleia-de-professores-municipais","tag-blog-do-edvaldo-magalhaes","tag-noticias","tag-sindicato-dos-servidores-municipais-de-caruaru-sismuc"],"_links":{"self":[{"href":"https:\/\/blogdoedvaldomagalhaes.com.br\/index.php\/wp-json\/wp\/v2\/posts\/8463","targetHints":{"allow":["GET"]}}],"collection":[{"href":"https:\/\/blogdoedvaldomagalhaes.com.br\/index.php\/wp-json\/wp\/v2\/posts"}],"about":[{"href":"https:\/\/blogdoedvaldomagalhaes.com.br\/index.php\/wp-json\/wp\/v2\/types\/post"}],"author":[{"embeddable":true,"href":"https:\/\/blogdoedvaldomagalhaes.com.br\/index.php\/wp-json\/wp\/v2\/users\/1"}],"replies":[{"embeddable":true,"href":"https:\/\/blogdoedvaldomagalhaes.com.br\/index.php\/wp-json\/wp\/v2\/comments?post=8463"}],"version-history":[{"count":1,"href":"https:\/\/blogdoedvaldomagalhaes.com.br\/index.php\/wp-json\/wp\/v2\/posts\/8463\/revisions"}],"predecessor-version":[{"id":11964,"href":"https:\/\/blogdoedvaldomagalhaes.com.br\/index.php\/wp-json\/wp\/v2\/posts\/8463\/revisions\/11964"}],"wp:attachment":[{"href":"https:\/\/blogdoedvaldomagalhaes.com.br\/index.php\/wp-json\/wp\/v2\/media?parent=8463"}],"wp:term":[{"taxonomy":"category","embeddable":true,"href":"https:\/\/blogdoedvaldomagalhaes.com.br\/index.php\/wp-json\/wp\/v2\/categories?post=8463"},{"taxonomy":"post_tag","embeddable":true,"href":"https:\/\/blogdoedvaldomagalhaes.com.br\/index.php\/wp-json\/wp\/v2\/tags?post=8463"}],"curies":[{"name":"wp","href":"https:\/\/api.w.org\/{rel}","templated":true}]}}