{"id":8462,"date":"2016-08-30T16:42:00","date_gmt":"2016-08-30T19:42:00","guid":{"rendered":"http:\/\/blogdoedvaldomagalhaes.com.br\/index.php\/2016\/08\/30\/cigana-conta-estorias-de-malazartes-no\/"},"modified":"2019-02-09T00:57:19","modified_gmt":"2019-02-09T02:57:19","slug":"cigana-conta-estorias-de-malazartes-no","status":"publish","type":"post","link":"https:\/\/blogdoedvaldomagalhaes.com.br\/index.php\/2016\/08\/30\/cigana-conta-estorias-de-malazartes-no\/","title":{"rendered":"Cigana conta est\u00f3rias de Malazartes no Polo Caruaru"},"content":{"rendered":"<div style=\"background-color: white; border: 0px; line-height: 25.6px; margin-bottom: 1.5em; outline: 0px; padding: 0px; text-align: justify; vertical-align: baseline;\">\n<div class=\"separator\" style=\"clear: both; text-align: center;\">\n<a href=\"https:\/\/1.bp.blogspot.com\/-7q0Hg-Dy_8M\/V8W3c9DMdqI\/AAAAAAAAFgU\/sOQRLNTdbHwTBXSc7gtyj1ZVuNrAa6WDwCLcB\/s1600\/gabi.JPG\" imageanchor=\"1\" style=\"margin-left: 1em; margin-right: 1em;\"><img loading=\"lazy\" decoding=\"async\" border=\"0\" height=\"300\" src=\"http:\/\/blogdoedvaldomagalhaes.com.br\/wp-content\/uploads\/2016\/08\/gabi.jpg\" width=\"400\" \/><\/a><\/div>\n<div class=\"separator\" style=\"clear: both; text-align: center;\">\n<\/div>\n<p>No pr\u00f3ximo domingo (04), Gabriela Kopinits, a Cigana Contadora de Est\u00f3rias, estar\u00e1 no Polo Caruaru contando causos de Pedro Malazartes, o mais brasileiro dos personagens da literatura popular imortalizada por mestres como S\u00edlvio Romero e Lu\u00eds da C\u00e2mara Cascudo.<\/p><\/div>\n<div style=\"background-color: white; border: 0px; line-height: 25.6px; margin-bottom: 1.5em; outline: 0px; padding: 0px; text-align: justify; vertical-align: baseline;\">\nA programa\u00e7\u00e3o encerra o m\u00eas do folclore e d\u00e1 in\u00edcio ao ciclo da P\u00e1tria. \u201cMalazartes, assim como Jeca Tatu, Mazzaropi e o pr\u00f3prio Macuna\u00edma, \u00e9 um personagem que retrata perfeitamente o brasileiro do interior, cheio de simplicidade, humildade e ao mesmo tempo, a esperteza adquirida da luta di\u00e1ria pela sobreviv\u00eancia, ent\u00e3o nada melhor que trazermos para este dia as est\u00f3rias engra\u00e7adas do homem que fez uma sopa de pedra e um urubu falar, entre outras fac\u00e9cias\u201d, comenta a contadora de est\u00f3rias, autora tamb\u00e9m do livro infantil \u201cEra uma vez\u2026\u201d, da Cepe Editora.<\/div>\n<div style=\"background-color: white; border: 0px; line-height: 25.6px; margin-bottom: 1.5em; outline: 0px; padding: 0px; text-align: justify; vertical-align: baseline;\">\nA apresenta\u00e7\u00e3o da Cigana Contadora de Est\u00f3rias est\u00e1 marcada para \u00e0s 15h, na pra\u00e7a de eventos e a entrada \u00e9 gratuita. O Polo Caruaru funciona das 9h \u00e0s 18h e fica na BR 104, km 62, s\/n.<\/div>\n","protected":false},"excerpt":{"rendered":"<p>No pr\u00f3ximo domingo (04), Gabriela Kopinits, a Cigana Contadora de Est\u00f3rias, estar\u00e1 no Polo Caruaru contando causos de Pedro Malazartes,&hellip;<\/p>\n","protected":false},"author":1,"featured_media":0,"comment_status":"open","ping_status":"open","sticky":false,"template":"","format":"standard","meta":{"footnotes":""},"categories":[1],"tags":[2,12530,4448,12531,12532,6,12533,4420],"class_list":["post-8462","post","type-post","status-publish","format-standard","hentry","category-sem-categoria","tag-blog-do-edvaldo-magalhaes","tag-cigana-conta-estorias-de-malazartes-no-polo-caruaru","tag-gabriela-kopinits","tag-jeca-tatu","tag-luis-da-camara-cascudo","tag-noticias","tag-pedro-malazartes","tag-silvio-romero"],"_links":{"self":[{"href":"https:\/\/blogdoedvaldomagalhaes.com.br\/index.php\/wp-json\/wp\/v2\/posts\/8462","targetHints":{"allow":["GET"]}}],"collection":[{"href":"https:\/\/blogdoedvaldomagalhaes.com.br\/index.php\/wp-json\/wp\/v2\/posts"}],"about":[{"href":"https:\/\/blogdoedvaldomagalhaes.com.br\/index.php\/wp-json\/wp\/v2\/types\/post"}],"author":[{"embeddable":true,"href":"https:\/\/blogdoedvaldomagalhaes.com.br\/index.php\/wp-json\/wp\/v2\/users\/1"}],"replies":[{"embeddable":true,"href":"https:\/\/blogdoedvaldomagalhaes.com.br\/index.php\/wp-json\/wp\/v2\/comments?post=8462"}],"version-history":[{"count":1,"href":"https:\/\/blogdoedvaldomagalhaes.com.br\/index.php\/wp-json\/wp\/v2\/posts\/8462\/revisions"}],"predecessor-version":[{"id":11966,"href":"https:\/\/blogdoedvaldomagalhaes.com.br\/index.php\/wp-json\/wp\/v2\/posts\/8462\/revisions\/11966"}],"wp:attachment":[{"href":"https:\/\/blogdoedvaldomagalhaes.com.br\/index.php\/wp-json\/wp\/v2\/media?parent=8462"}],"wp:term":[{"taxonomy":"category","embeddable":true,"href":"https:\/\/blogdoedvaldomagalhaes.com.br\/index.php\/wp-json\/wp\/v2\/categories?post=8462"},{"taxonomy":"post_tag","embeddable":true,"href":"https:\/\/blogdoedvaldomagalhaes.com.br\/index.php\/wp-json\/wp\/v2\/tags?post=8462"}],"curies":[{"name":"wp","href":"https:\/\/api.w.org\/{rel}","templated":true}]}}