{"id":846,"date":"2018-10-31T10:34:00","date_gmt":"2018-10-31T12:34:00","guid":{"rendered":"http:\/\/blogdoedvaldomagalhaes.com.br\/index.php\/2018\/10\/31\/ex-presidiario-e-baleado-em-caruaru-e\/"},"modified":"2019-02-09T02:37:39","modified_gmt":"2019-02-09T04:37:39","slug":"ex-presidiario-e-baleado-em-caruaru-e","status":"publish","type":"post","link":"https:\/\/blogdoedvaldomagalhaes.com.br\/index.php\/2018\/10\/31\/ex-presidiario-e-baleado-em-caruaru-e\/","title":{"rendered":"Ex-presidi\u00e1rio \u00e9 baleado em Caruaru e socorrido para o HRA"},"content":{"rendered":"<div class=\"separator\" style=\"clear: both; text-align: center;\">\n<a href=\"https:\/\/1.bp.blogspot.com\/-9XXsWC_EyHo\/W9mFFNZGH8I\/AAAAAAAA8r8\/U0ASYI9RZbERfD5s83XHMTmAyiXrguUpwCLcBGAs\/s1600\/hra.jpg\" imageanchor=\"1\" style=\"margin-left: 1em; margin-right: 1em;\"><img loading=\"lazy\" decoding=\"async\" border=\"0\" data-original-height=\"207\" data-original-width=\"300\" height=\"439\" src=\"http:\/\/blogdoedvaldomagalhaes.com.br\/wp-content\/uploads\/2018\/10\/hra-4.jpg\" width=\"640\" \/><\/a><\/div>\n<p><\/p>\n<div style=\"background-color: white; box-sizing: border-box; line-height: 24px; margin-bottom: 10px; text-align: justify;\">\nUm ex-presidi\u00e1rio foi baleado na tarde desta ter\u00e7a-feira (30), em Caruaru, Agreste pernambucano. Ronaldo Souza Silva, 35 anos, foi atingido com dois tiros.<\/div>\n<div style=\"background-color: white; box-sizing: border-box; line-height: 24px; margin-bottom: 10px; text-align: justify;\">\nA tentativa de homic\u00eddio aconteceu na Rua Saldanha da Gama, entre Centro e bairro Vassoural. Mesmo baleado, ele saiu correndo at\u00e9 a Rua do \u00cdndico, no bairro Santa Rosa, sendo socorrido pelo Samu para o Hospital Regional do Agreste (HRA), onde passou por cirurgia.<\/div>\n<div style=\"background-color: white; box-sizing: border-box; line-height: 24px; margin-bottom: 10px; text-align: justify;\">\nRonaldo Souza, que j\u00e1 foi preso por tr\u00e1fico de drogas, disse que foi baleado pelo tamb\u00e9m ex-presidi\u00e1rio Carlos Roberto de Souza Silva, 22 anos, que est\u00e1 foragido.<\/div>\n<div style=\"background-color: white; box-sizing: border-box; line-height: 24px; margin-bottom: 10px; text-align: justify;\">\nFonte: R\u00e1dio Liberdade.<\/div>\n","protected":false},"excerpt":{"rendered":"<p>Um ex-presidi\u00e1rio foi baleado na tarde desta ter\u00e7a-feira (30), em Caruaru, Agreste pernambucano. Ronaldo Souza Silva, 35 anos, foi atingido&hellip;<\/p>\n","protected":false},"author":1,"featured_media":0,"comment_status":"open","ping_status":"open","sticky":false,"template":"","format":"standard","meta":{"footnotes":""},"categories":[1],"tags":[2,790,13],"class_list":["post-846","post","type-post","status-publish","format-standard","hentry","category-sem-categoria","tag-blog-do-edvaldo-magalhaes","tag-ex-presidiario-e-baleado-em-caruaru-e-socorrido-para-o-hra","tag-policial"],"_links":{"self":[{"href":"https:\/\/blogdoedvaldomagalhaes.com.br\/index.php\/wp-json\/wp\/v2\/posts\/846","targetHints":{"allow":["GET"]}}],"collection":[{"href":"https:\/\/blogdoedvaldomagalhaes.com.br\/index.php\/wp-json\/wp\/v2\/posts"}],"about":[{"href":"https:\/\/blogdoedvaldomagalhaes.com.br\/index.php\/wp-json\/wp\/v2\/types\/post"}],"author":[{"embeddable":true,"href":"https:\/\/blogdoedvaldomagalhaes.com.br\/index.php\/wp-json\/wp\/v2\/users\/1"}],"replies":[{"embeddable":true,"href":"https:\/\/blogdoedvaldomagalhaes.com.br\/index.php\/wp-json\/wp\/v2\/comments?post=846"}],"version-history":[{"count":1,"href":"https:\/\/blogdoedvaldomagalhaes.com.br\/index.php\/wp-json\/wp\/v2\/posts\/846\/revisions"}],"predecessor-version":[{"id":35411,"href":"https:\/\/blogdoedvaldomagalhaes.com.br\/index.php\/wp-json\/wp\/v2\/posts\/846\/revisions\/35411"}],"wp:attachment":[{"href":"https:\/\/blogdoedvaldomagalhaes.com.br\/index.php\/wp-json\/wp\/v2\/media?parent=846"}],"wp:term":[{"taxonomy":"category","embeddable":true,"href":"https:\/\/blogdoedvaldomagalhaes.com.br\/index.php\/wp-json\/wp\/v2\/categories?post=846"},{"taxonomy":"post_tag","embeddable":true,"href":"https:\/\/blogdoedvaldomagalhaes.com.br\/index.php\/wp-json\/wp\/v2\/tags?post=846"}],"curies":[{"name":"wp","href":"https:\/\/api.w.org\/{rel}","templated":true}]}}