{"id":8459,"date":"2016-08-31T02:31:00","date_gmt":"2016-08-31T05:31:00","guid":{"rendered":"http:\/\/blogdoedvaldomagalhaes.com.br\/index.php\/2016\/08\/31\/assaltantes-invadem-casa-de-ex-prefeito\/"},"modified":"2019-02-09T00:57:20","modified_gmt":"2019-02-09T02:57:20","slug":"assaltantes-invadem-casa-de-ex-prefeito","status":"publish","type":"post","link":"https:\/\/blogdoedvaldomagalhaes.com.br\/index.php\/2016\/08\/31\/assaltantes-invadem-casa-de-ex-prefeito\/","title":{"rendered":"Assaltantes invadem casa de ex-prefeito e fazem a Fam\u00edlia ref\u00e9m"},"content":{"rendered":"<div class=\"separator\" style=\"clear: both; text-align: center;\">\n<a href=\"https:\/\/4.bp.blogspot.com\/-CbNKXA6G3gI\/V8Y_0sgvwoI\/AAAAAAAAFhg\/LrCb2CurGPc_kr5kES9o5O28eAVuQScowCLcB\/s1600\/fotos.jpg\" imageanchor=\"1\" style=\"margin-left: 1em; margin-right: 1em;\"><img loading=\"lazy\" decoding=\"async\" border=\"0\" height=\"300\" src=\"http:\/\/blogdoedvaldomagalhaes.com.br\/wp-content\/uploads\/2016\/08\/fotos.jpg\" width=\"400\" \/><\/a><\/div>\n<div style=\"background-color: white; font-family: &quot;Trebuchet MS&quot;, Trebuchet, Verdana, sans-serif; font-size: 13.2px; line-height: 18.48px; text-align: center;\">\nFoto: Clemildo Galdino<\/div>\n<div style=\"background-color: white; font-family: &quot;Trebuchet MS&quot;, Trebuchet, Verdana, sans-serif; font-size: 13.2px; line-height: 18.48px; text-align: center;\">\n<\/div>\n<div style=\"background-color: white; line-height: 18.48px; text-align: justify;\">\nA fam\u00edlia do Ex-prefeito de Ibirajuba Pedro Evangelista passou por momentos de terror na noite desta ter\u00e7a-feira (30).<\/div>\n<div style=\"background-color: white; line-height: 18.48px; text-align: justify;\">\n<\/div>\n<div style=\"background-color: white; line-height: 18.48px; text-align: justify;\">\nSegundo informa\u00e7\u00f5es por volta das 20h dois bandidos armados invadiram a casa do ex-prefeito, com o intuito de roubar dinheiro, os elementos amarraram os membros da fam\u00edlia com fita adesiva, depois os ref\u00e9ns foram obrigados a entregar o dinheiro que estava com eles. N\u00e3o satisfeitos com o quantia, os bandidos passaram a amea\u00e7ar de morte a fam\u00edlia e a revirar toda a casa a procura de mais dinheiro e outros objetos de valor.<\/div>\n<div style=\"background-color: white; line-height: 18.48px; text-align: justify;\">\n<\/div>\n<div style=\"background-color: white; line-height: 18.48px; text-align: justify;\">\n<div style=\"line-height: 18.48px;\">\nO assaltantes levaram da casa aparelhos celulares, dinheiro (quantia n\u00e3o informada), perfumes e outros objetos.&nbsp;Em seguida os acusados fugiram em um ve\u00edculo HB 20 de placa n\u00e3o&nbsp;identificada, que estava a espera nas proximidades com outro elemento dentro, tomando rumo ignorado.<\/div>\n<div style=\"line-height: 18.48px;\">\nA policia foi acionada e compareceu no local para as provid\u00eancias&nbsp;cab\u00edveis.&nbsp;<\/div>\n<\/div>\n","protected":false},"excerpt":{"rendered":"<p>Foto: Clemildo Galdino A fam\u00edlia do Ex-prefeito de Ibirajuba Pedro Evangelista passou por momentos de terror na noite desta ter\u00e7a-feira&hellip;<\/p>\n","protected":false},"author":1,"featured_media":0,"comment_status":"open","ping_status":"open","sticky":false,"template":"","format":"standard","meta":{"footnotes":""},"categories":[1],"tags":[12524,2,12525,9264,5703,12526,13],"class_list":["post-8459","post","type-post","status-publish","format-standard","hentry","category-sem-categoria","tag-assaltantes-invadem-casa-de-ex-prefeito-e-fazem-a-familia-refem","tag-blog-do-edvaldo-magalhaes","tag-hb-20","tag-ibirajuba","tag-noticias-policias","tag-pedro-evangelista","tag-policial"],"_links":{"self":[{"href":"https:\/\/blogdoedvaldomagalhaes.com.br\/index.php\/wp-json\/wp\/v2\/posts\/8459","targetHints":{"allow":["GET"]}}],"collection":[{"href":"https:\/\/blogdoedvaldomagalhaes.com.br\/index.php\/wp-json\/wp\/v2\/posts"}],"about":[{"href":"https:\/\/blogdoedvaldomagalhaes.com.br\/index.php\/wp-json\/wp\/v2\/types\/post"}],"author":[{"embeddable":true,"href":"https:\/\/blogdoedvaldomagalhaes.com.br\/index.php\/wp-json\/wp\/v2\/users\/1"}],"replies":[{"embeddable":true,"href":"https:\/\/blogdoedvaldomagalhaes.com.br\/index.php\/wp-json\/wp\/v2\/comments?post=8459"}],"version-history":[{"count":1,"href":"https:\/\/blogdoedvaldomagalhaes.com.br\/index.php\/wp-json\/wp\/v2\/posts\/8459\/revisions"}],"predecessor-version":[{"id":11972,"href":"https:\/\/blogdoedvaldomagalhaes.com.br\/index.php\/wp-json\/wp\/v2\/posts\/8459\/revisions\/11972"}],"wp:attachment":[{"href":"https:\/\/blogdoedvaldomagalhaes.com.br\/index.php\/wp-json\/wp\/v2\/media?parent=8459"}],"wp:term":[{"taxonomy":"category","embeddable":true,"href":"https:\/\/blogdoedvaldomagalhaes.com.br\/index.php\/wp-json\/wp\/v2\/categories?post=8459"},{"taxonomy":"post_tag","embeddable":true,"href":"https:\/\/blogdoedvaldomagalhaes.com.br\/index.php\/wp-json\/wp\/v2\/tags?post=8459"}],"curies":[{"name":"wp","href":"https:\/\/api.w.org\/{rel}","templated":true}]}}