{"id":84541,"date":"2022-06-20T17:06:40","date_gmt":"2022-06-20T20:06:40","guid":{"rendered":"https:\/\/blogdoedvaldomagalhaes.com.br\/?p=84541"},"modified":"2022-06-20T17:06:42","modified_gmt":"2022-06-20T20:06:42","slug":"marilia-arraes-convoca-jorge-quintino-para-disputar-eleicao-de-federal","status":"publish","type":"post","link":"https:\/\/blogdoedvaldomagalhaes.com.br\/index.php\/2022\/06\/20\/marilia-arraes-convoca-jorge-quintino-para-disputar-eleicao-de-federal\/","title":{"rendered":"Mar\u00edlia Arraes convoca Jorge Quintino para disputar elei\u00e7\u00e3o de federal"},"content":{"rendered":"<p style=\"text-align: justify;\"><span style=\"font-size: inherit;\">No \u00faltimo s\u00e1bado (18), o Vereador Jorge Quintino (SD), recebeu, em Caruaru, a pr\u00e9 candidata ao Governo do Estado, Mar\u00edlia Arraes (SD). Durante o encontro, o Vereador foi convocado por Mar\u00edlia para disputar elei\u00e7\u00e3o de federal.<\/span><\/p>\n<p style=\"text-align: justify;\">A pr\u00e9 candidata pretende ampliar suas bases em Caruaru e dialogou com Jorge Quintino, que tamb\u00e9m \u00e9 Presidente da Comiss\u00e3o de Educa\u00e7\u00e3o, Cultura e Esportes e Meio Ambiente sobre a indica\u00e7\u00e3o, j\u00e1 que a mesma considera o Vereador uma pe\u00e7a importante para a disputa federal.<\/p>\n<p style=\"text-align: justify;\">Mar\u00edlia Arraes pretende convenc\u00ea-lo e tamb\u00e9m investir numa eventual candidatura. Eles ir\u00e3o se reunir semana que vem para dialogar sobre esses caminhos.<\/p>\n","protected":false},"excerpt":{"rendered":"<p>No \u00faltimo s\u00e1bado (18), o Vereador Jorge Quintino (SD), recebeu, em Caruaru, a pr\u00e9 candidata ao Governo do Estado, Mar\u00edlia&hellip;<\/p>\n","protected":false},"author":1,"featured_media":84542,"comment_status":"open","ping_status":"open","sticky":false,"template":"","format":"standard","meta":{"footnotes":""},"categories":[14122],"tags":[2,19532,3406,24920,20],"class_list":["post-84541","post","type-post","status-publish","format-standard","has-post-thumbnail","hentry","category-politica","tag-blog-do-edvaldo-magalhaes","tag-blog-mais-acessado-e-visualizado-de-caruaru-e-regiao","tag-caruaru","tag-marilia-arraes-convoca-jorge-quintino-para-disputar-eleicao-de-federal","tag-politica"],"_links":{"self":[{"href":"https:\/\/blogdoedvaldomagalhaes.com.br\/index.php\/wp-json\/wp\/v2\/posts\/84541","targetHints":{"allow":["GET"]}}],"collection":[{"href":"https:\/\/blogdoedvaldomagalhaes.com.br\/index.php\/wp-json\/wp\/v2\/posts"}],"about":[{"href":"https:\/\/blogdoedvaldomagalhaes.com.br\/index.php\/wp-json\/wp\/v2\/types\/post"}],"author":[{"embeddable":true,"href":"https:\/\/blogdoedvaldomagalhaes.com.br\/index.php\/wp-json\/wp\/v2\/users\/1"}],"replies":[{"embeddable":true,"href":"https:\/\/blogdoedvaldomagalhaes.com.br\/index.php\/wp-json\/wp\/v2\/comments?post=84541"}],"version-history":[{"count":1,"href":"https:\/\/blogdoedvaldomagalhaes.com.br\/index.php\/wp-json\/wp\/v2\/posts\/84541\/revisions"}],"predecessor-version":[{"id":84543,"href":"https:\/\/blogdoedvaldomagalhaes.com.br\/index.php\/wp-json\/wp\/v2\/posts\/84541\/revisions\/84543"}],"wp:featuredmedia":[{"embeddable":true,"href":"https:\/\/blogdoedvaldomagalhaes.com.br\/index.php\/wp-json\/wp\/v2\/media\/84542"}],"wp:attachment":[{"href":"https:\/\/blogdoedvaldomagalhaes.com.br\/index.php\/wp-json\/wp\/v2\/media?parent=84541"}],"wp:term":[{"taxonomy":"category","embeddable":true,"href":"https:\/\/blogdoedvaldomagalhaes.com.br\/index.php\/wp-json\/wp\/v2\/categories?post=84541"},{"taxonomy":"post_tag","embeddable":true,"href":"https:\/\/blogdoedvaldomagalhaes.com.br\/index.php\/wp-json\/wp\/v2\/tags?post=84541"}],"curies":[{"name":"wp","href":"https:\/\/api.w.org\/{rel}","templated":true}]}}