{"id":84531,"date":"2022-06-20T14:18:37","date_gmt":"2022-06-20T17:18:37","guid":{"rendered":"https:\/\/blogdoedvaldomagalhaes.com.br\/?p=84531"},"modified":"2022-06-20T14:18:38","modified_gmt":"2022-06-20T17:18:38","slug":"projeto-caruaru-em-movimento-sera-realizado-nesta-quarta-feira-22","status":"publish","type":"post","link":"https:\/\/blogdoedvaldomagalhaes.com.br\/index.php\/2022\/06\/20\/projeto-caruaru-em-movimento-sera-realizado-nesta-quarta-feira-22\/","title":{"rendered":"Projeto Caruaru em Movimento ser\u00e1 realizado nesta quarta-feira (22)"},"content":{"rendered":"<p style=\"text-align: justify;\"><span style=\"font-size: inherit;\">A Secretaria de Desenvolvimento Social e Direitos Humanos, atrav\u00e9s da Ger\u00eancia de Esporte e Lazer, realizar\u00e1, na pr\u00f3xima quarta-feira (22), o Projeto Caruaru em Movimento.<\/span><\/p>\n<p style=\"text-align: justify;\">O evento acontecer\u00e1 no Polo do Repente, na Esta\u00e7\u00e3o Ferrovi\u00e1ria, com a participa\u00e7\u00e3o de diversos professores de dan\u00e7a e ritmos da cidade. O hor\u00e1rio previsto de in\u00edcio ser\u00e1 \u00e0s 19h. P\u00fablico estimado \u00e9 de 350 pessoas.<\/p>\n<p style=\"text-align: justify;\">A entrada \u00e9 gratuita e aqueles que puderem, podem ajudar as pessoas atingidas pelas fortes chuvas ocorridas no estado, levando 1kg de alimento n\u00e3o perec\u00edvel, os quais ser\u00e3o entregues a equipe do Transforma Caruaru.<\/p>\n<p style=\"text-align: justify;\">Refor\u00e7amos que ser\u00e1 uma aul\u00e3o junino, para os participantes que quiserem estar a car\u00e1ter.<\/p>\n<p style=\"text-align: justify;\">O evento conta ainda com a parceria das Secretarias de Ordem P\u00fablica, Sa\u00fade, Guarda Municipal, Funda\u00e7\u00e3o de Cultura e Turismo.<\/p>\n<p>\u201cEsse projeto visa movimentar a cidade, contribuindo para melhoria da qualidade de vida da popula\u00e7\u00e3o e ocupa\u00e7\u00e3o do tempo livre de crian\u00e7as, jovens, adultos e idosos, com atividades orientadas e supervisionadas por acad\u00eamicos e profissionais de Educa\u00e7\u00e3o F\u00edsica atrav\u00e9s do Aul\u00e3o de Zumba e Ritmos com tema Junino\u201d, afirmou o gerente de Esporte e Lazer da SDSDH, Allyson Flor\u00eancio.<\/p>\n<p style=\"text-align: justify;\">Importante refor\u00e7ar as medidas de prote\u00e7\u00e3o da COVID-19 e demais v\u00edrus em circula\u00e7\u00e3o com as m\u00e1scaras e hidrata\u00e7\u00e3o individual, cada participante levando sua pr\u00f3pria garrafa.<\/p>\n","protected":false},"excerpt":{"rendered":"<p>A Secretaria de Desenvolvimento Social e Direitos Humanos, atrav\u00e9s da Ger\u00eancia de Esporte e Lazer, realizar\u00e1, na pr\u00f3xima quarta-feira (22),&hellip;<\/p>\n","protected":false},"author":1,"featured_media":84532,"comment_status":"open","ping_status":"open","sticky":false,"template":"","format":"standard","meta":{"footnotes":""},"categories":[14120],"tags":[2,19532,3406,24917],"class_list":["post-84531","post","type-post","status-publish","format-standard","has-post-thumbnail","hentry","category-noticias","tag-blog-do-edvaldo-magalhaes","tag-blog-mais-acessado-e-visualizado-de-caruaru-e-regiao","tag-caruaru","tag-projeto-caruaru-em-movimento-sera-realizado-nesta-quarta-feira-22"],"_links":{"self":[{"href":"https:\/\/blogdoedvaldomagalhaes.com.br\/index.php\/wp-json\/wp\/v2\/posts\/84531","targetHints":{"allow":["GET"]}}],"collection":[{"href":"https:\/\/blogdoedvaldomagalhaes.com.br\/index.php\/wp-json\/wp\/v2\/posts"}],"about":[{"href":"https:\/\/blogdoedvaldomagalhaes.com.br\/index.php\/wp-json\/wp\/v2\/types\/post"}],"author":[{"embeddable":true,"href":"https:\/\/blogdoedvaldomagalhaes.com.br\/index.php\/wp-json\/wp\/v2\/users\/1"}],"replies":[{"embeddable":true,"href":"https:\/\/blogdoedvaldomagalhaes.com.br\/index.php\/wp-json\/wp\/v2\/comments?post=84531"}],"version-history":[{"count":1,"href":"https:\/\/blogdoedvaldomagalhaes.com.br\/index.php\/wp-json\/wp\/v2\/posts\/84531\/revisions"}],"predecessor-version":[{"id":84533,"href":"https:\/\/blogdoedvaldomagalhaes.com.br\/index.php\/wp-json\/wp\/v2\/posts\/84531\/revisions\/84533"}],"wp:featuredmedia":[{"embeddable":true,"href":"https:\/\/blogdoedvaldomagalhaes.com.br\/index.php\/wp-json\/wp\/v2\/media\/84532"}],"wp:attachment":[{"href":"https:\/\/blogdoedvaldomagalhaes.com.br\/index.php\/wp-json\/wp\/v2\/media?parent=84531"}],"wp:term":[{"taxonomy":"category","embeddable":true,"href":"https:\/\/blogdoedvaldomagalhaes.com.br\/index.php\/wp-json\/wp\/v2\/categories?post=84531"},{"taxonomy":"post_tag","embeddable":true,"href":"https:\/\/blogdoedvaldomagalhaes.com.br\/index.php\/wp-json\/wp\/v2\/tags?post=84531"}],"curies":[{"name":"wp","href":"https:\/\/api.w.org\/{rel}","templated":true}]}}