{"id":84527,"date":"2022-06-20T13:45:11","date_gmt":"2022-06-20T16:45:11","guid":{"rendered":"https:\/\/blogdoedvaldomagalhaes.com.br\/?p=84527"},"modified":"2022-06-20T13:46:14","modified_gmt":"2022-06-20T16:46:14","slug":"edvaldo-magalhaes-e-um-dos-homenageados-da-festa-da-macaxeira-gigante","status":"publish","type":"post","link":"https:\/\/blogdoedvaldomagalhaes.com.br\/index.php\/2022\/06\/20\/edvaldo-magalhaes-e-um-dos-homenageados-da-festa-da-macaxeira-gigante\/","title":{"rendered":"Edvaldo Magalh\u00e3es \u00e9 um dos homenageados da Festa da Macaxeira Gigante"},"content":{"rendered":"<p style=\"text-align: justify;\"><span style=\"font-size: inherit;\">Al\u00e9m das atra\u00e7\u00f5es do Alto do Moura com Fl\u00e1vio Jos\u00e9 e Maciel Melo, ocorreu nesse domingo (19), a d\u00e9cima nona edi\u00e7\u00e3o da Macaxeira Gigante, que prestou homenagens a Edvaldo Magalh\u00e3es, Augusto Eventos, Raffi\u00ea Dellon, Terezinha Gonzaga e a TV Asa Branca. Evento ainda contou com trio de forr\u00f3 p\u00e9 de serra e Givanildo do Acordeon.<\/span><\/p>\n<p style=\"text-align: justify;\">Para o organizador do evento, Marc\u00edlio Bernardo, a festa mant\u00e9m a tradi\u00e7\u00e3o do S\u00e3o Jo\u00e3o de bairro. \u201cMuito importante a preserva\u00e7\u00e3o dessa identidade de Caruaru do S\u00e3o Jo\u00e3o raiz, com forr\u00f3 e comidas gigantes\u201d, destaca.<\/p>\n<p style=\"text-align: justify;\">A comida realizada na Pra\u00e7a do Artes\u00e3o, no Alto do Moura, pesa 400 quilos e teve a mistura com 100 quilos de galinha guizada e margarina.<\/p>\n<p style=\"text-align: justify;\">Foto de capa: Andreza Ferreira.<\/p>\n\n\n<figure class=\"wp-block-image size-large\"><img loading=\"lazy\" decoding=\"async\" width=\"1024\" height=\"682\" src=\"https:\/\/blogdoedvaldomagalhaes.com.br\/wp-content\/uploads\/2022\/06\/IMG-20220620-WA0097-1024x682.jpg\" alt=\"\" class=\"wp-image-84522\" srcset=\"https:\/\/blogdoedvaldomagalhaes.com.br\/wp-content\/uploads\/2022\/06\/IMG-20220620-WA0097-1024x682.jpg 1024w, https:\/\/blogdoedvaldomagalhaes.com.br\/wp-content\/uploads\/2022\/06\/IMG-20220620-WA0097-300x200.jpg 300w, https:\/\/blogdoedvaldomagalhaes.com.br\/wp-content\/uploads\/2022\/06\/IMG-20220620-WA0097-768x512.jpg 768w, https:\/\/blogdoedvaldomagalhaes.com.br\/wp-content\/uploads\/2022\/06\/IMG-20220620-WA0097.jpg 1280w\" sizes=\"auto, (max-width: 1024px) 100vw, 1024px\" \/><\/figure>\n\n\n\n<figure class=\"wp-block-image size-large\"><img loading=\"lazy\" decoding=\"async\" width=\"682\" height=\"1024\" src=\"https:\/\/blogdoedvaldomagalhaes.com.br\/wp-content\/uploads\/2022\/06\/IMG-20220620-WA0100-682x1024.jpg\" alt=\"\" class=\"wp-image-84523\" srcset=\"https:\/\/blogdoedvaldomagalhaes.com.br\/wp-content\/uploads\/2022\/06\/IMG-20220620-WA0100-682x1024.jpg 682w, https:\/\/blogdoedvaldomagalhaes.com.br\/wp-content\/uploads\/2022\/06\/IMG-20220620-WA0100-200x300.jpg 200w, https:\/\/blogdoedvaldomagalhaes.com.br\/wp-content\/uploads\/2022\/06\/IMG-20220620-WA0100-768x1152.jpg 768w, https:\/\/blogdoedvaldomagalhaes.com.br\/wp-content\/uploads\/2022\/06\/IMG-20220620-WA0100.jpg 853w\" sizes=\"auto, (max-width: 682px) 100vw, 682px\" \/><figcaption>Fotos: Felipe Correia<\/figcaption><\/figure>\n","protected":false},"excerpt":{"rendered":"<p>Al\u00e9m das atra\u00e7\u00f5es do Alto do Moura com Fl\u00e1vio Jos\u00e9 e Maciel Melo, ocorreu nesse domingo (19), a d\u00e9cima nona&hellip;<\/p>\n","protected":false},"author":1,"featured_media":84528,"comment_status":"open","ping_status":"open","sticky":false,"template":"","format":"standard","meta":{"footnotes":""},"categories":[14120],"tags":[2,19532,3406,13904,24916,6222],"class_list":["post-84527","post","type-post","status-publish","format-standard","has-post-thumbnail","hentry","category-noticias","tag-blog-do-edvaldo-magalhaes","tag-blog-mais-acessado-e-visualizado-de-caruaru-e-regiao","tag-caruaru","tag-comidas-gigantes","tag-edvaldo-magalhaes-e-um-dos-homenageados-da-festa-da-macaxeira-gigante","tag-sao-joao-de-caruaru"],"_links":{"self":[{"href":"https:\/\/blogdoedvaldomagalhaes.com.br\/index.php\/wp-json\/wp\/v2\/posts\/84527","targetHints":{"allow":["GET"]}}],"collection":[{"href":"https:\/\/blogdoedvaldomagalhaes.com.br\/index.php\/wp-json\/wp\/v2\/posts"}],"about":[{"href":"https:\/\/blogdoedvaldomagalhaes.com.br\/index.php\/wp-json\/wp\/v2\/types\/post"}],"author":[{"embeddable":true,"href":"https:\/\/blogdoedvaldomagalhaes.com.br\/index.php\/wp-json\/wp\/v2\/users\/1"}],"replies":[{"embeddable":true,"href":"https:\/\/blogdoedvaldomagalhaes.com.br\/index.php\/wp-json\/wp\/v2\/comments?post=84527"}],"version-history":[{"count":2,"href":"https:\/\/blogdoedvaldomagalhaes.com.br\/index.php\/wp-json\/wp\/v2\/posts\/84527\/revisions"}],"predecessor-version":[{"id":84530,"href":"https:\/\/blogdoedvaldomagalhaes.com.br\/index.php\/wp-json\/wp\/v2\/posts\/84527\/revisions\/84530"}],"wp:featuredmedia":[{"embeddable":true,"href":"https:\/\/blogdoedvaldomagalhaes.com.br\/index.php\/wp-json\/wp\/v2\/media\/84528"}],"wp:attachment":[{"href":"https:\/\/blogdoedvaldomagalhaes.com.br\/index.php\/wp-json\/wp\/v2\/media?parent=84527"}],"wp:term":[{"taxonomy":"category","embeddable":true,"href":"https:\/\/blogdoedvaldomagalhaes.com.br\/index.php\/wp-json\/wp\/v2\/categories?post=84527"},{"taxonomy":"post_tag","embeddable":true,"href":"https:\/\/blogdoedvaldomagalhaes.com.br\/index.php\/wp-json\/wp\/v2\/tags?post=84527"}],"curies":[{"name":"wp","href":"https:\/\/api.w.org\/{rel}","templated":true}]}}