{"id":84518,"date":"2022-06-20T10:00:00","date_gmt":"2022-06-20T13:00:00","guid":{"rendered":"https:\/\/blogdoedvaldomagalhaes.com.br\/?p=84518"},"modified":"2022-06-20T10:00:02","modified_gmt":"2022-06-20T13:00:02","slug":"em-caruaru-eriberto-medeiros-e-eriberto-filho-recebem-apoio-de-grupo-de-liderancas","status":"publish","type":"post","link":"https:\/\/blogdoedvaldomagalhaes.com.br\/index.php\/2022\/06\/20\/em-caruaru-eriberto-medeiros-e-eriberto-filho-recebem-apoio-de-grupo-de-liderancas\/","title":{"rendered":"Em Caruaru, Eriberto Medeiros e Eriberto Filho recebem apoio de grupo de lideran\u00e7as"},"content":{"rendered":"<p style=\"text-align: justify;\"><span style=\"font-size: inherit;\">O presidente da Assembleia Legislativa de Pernambuco, deputado Eriberto Medeiros (PSB), passou em Caruaru na \u00faltima sexta-feira (17), junto ao pr\u00e9-candidato a deputado estadual, Eriberto Filho (PSB), num encontro com amigos e lideran\u00e7as pol\u00edticas para discutir a\u00e7\u00f5es e melhorias para o munic\u00edpio. A reuni\u00e3o ocorreu na Cl\u00ednica Bartolomeu Motta, localizada no bairro Maur\u00edcio de Nassau.<\/span><\/p>\n<p style=\"text-align: justify;\">O deputado falou da sua paix\u00e3o pela pol\u00edtica e a import\u00e2ncia do encontro em Caruaru. \u201cEst\u00e3o aqui duas pessoas com muita vontade de ajudar Pernambuco, de acertar, de construir pontes pra levar conquistas \u00e0 popula\u00e7\u00e3o, especialmente as pessoas mais humildes. Caruaru \u00e9 uma cidade de oportunidades e temos a condi\u00e7\u00e3o de, juntos, viabilizar investimentos pra cidade avan\u00e7ar ainda mais\u201d, afirmou o deputado.<\/p>\n<p style=\"text-align: justify;\">Eriberto Filho tamb\u00e9m enfatizou a relev\u00e2ncia da reuni\u00e3o. \u201cEm uma cidade t\u00e3o importante para Pernambuco, \u00e9 sempre necess\u00e1rio estar buscando dialogar com quem quer o melhor para a popula\u00e7\u00e3o. A Capital do Agreste \u00e9 um polo comercial, cultural e gastron\u00f4mico com muitas oportunidades de emprego e renda, por isso buscamos o di\u00e1logo no munic\u00edpio, para investir nesses pilares em prol da popula\u00e7\u00e3o. Tamb\u00e9m gostaria de agradecer ao Dr. Bartolomeu pelo apoio nesse momento de di\u00e1logo\u201d, disse o pr\u00e9-candidato.<\/p>\n","protected":false},"excerpt":{"rendered":"<p>O presidente da Assembleia Legislativa de Pernambuco, deputado Eriberto Medeiros (PSB), passou em Caruaru na \u00faltima sexta-feira (17), junto ao&hellip;<\/p>\n","protected":false},"author":1,"featured_media":84519,"comment_status":"open","ping_status":"open","sticky":false,"template":"","format":"standard","meta":{"footnotes":""},"categories":[14122],"tags":[2,19532,3406,24914,20],"class_list":["post-84518","post","type-post","status-publish","format-standard","has-post-thumbnail","hentry","category-politica","tag-blog-do-edvaldo-magalhaes","tag-blog-mais-acessado-e-visualizado-de-caruaru-e-regiao","tag-caruaru","tag-em-caruaru-eriberto-medeiros-e-eriberto-filho-recebem-apoio-de-grupo-de-liderancas","tag-politica"],"_links":{"self":[{"href":"https:\/\/blogdoedvaldomagalhaes.com.br\/index.php\/wp-json\/wp\/v2\/posts\/84518","targetHints":{"allow":["GET"]}}],"collection":[{"href":"https:\/\/blogdoedvaldomagalhaes.com.br\/index.php\/wp-json\/wp\/v2\/posts"}],"about":[{"href":"https:\/\/blogdoedvaldomagalhaes.com.br\/index.php\/wp-json\/wp\/v2\/types\/post"}],"author":[{"embeddable":true,"href":"https:\/\/blogdoedvaldomagalhaes.com.br\/index.php\/wp-json\/wp\/v2\/users\/1"}],"replies":[{"embeddable":true,"href":"https:\/\/blogdoedvaldomagalhaes.com.br\/index.php\/wp-json\/wp\/v2\/comments?post=84518"}],"version-history":[{"count":1,"href":"https:\/\/blogdoedvaldomagalhaes.com.br\/index.php\/wp-json\/wp\/v2\/posts\/84518\/revisions"}],"predecessor-version":[{"id":84520,"href":"https:\/\/blogdoedvaldomagalhaes.com.br\/index.php\/wp-json\/wp\/v2\/posts\/84518\/revisions\/84520"}],"wp:featuredmedia":[{"embeddable":true,"href":"https:\/\/blogdoedvaldomagalhaes.com.br\/index.php\/wp-json\/wp\/v2\/media\/84519"}],"wp:attachment":[{"href":"https:\/\/blogdoedvaldomagalhaes.com.br\/index.php\/wp-json\/wp\/v2\/media?parent=84518"}],"wp:term":[{"taxonomy":"category","embeddable":true,"href":"https:\/\/blogdoedvaldomagalhaes.com.br\/index.php\/wp-json\/wp\/v2\/categories?post=84518"},{"taxonomy":"post_tag","embeddable":true,"href":"https:\/\/blogdoedvaldomagalhaes.com.br\/index.php\/wp-json\/wp\/v2\/tags?post=84518"}],"curies":[{"name":"wp","href":"https:\/\/api.w.org\/{rel}","templated":true}]}}