{"id":84515,"date":"2022-06-20T09:37:26","date_gmt":"2022-06-20T12:37:26","guid":{"rendered":"https:\/\/blogdoedvaldomagalhaes.com.br\/?p=84515"},"modified":"2022-06-20T09:37:27","modified_gmt":"2022-06-20T12:37:27","slug":"oposicoes-de-caruaru-firmes-com-danilo-cabral","status":"publish","type":"post","link":"https:\/\/blogdoedvaldomagalhaes.com.br\/index.php\/2022\/06\/20\/oposicoes-de-caruaru-firmes-com-danilo-cabral\/","title":{"rendered":"Oposi\u00e7\u00f5es de Caruaru firmes com Danilo Cabral"},"content":{"rendered":"<p style=\"text-align: justify;\"><span style=\"font-size: inherit;\">Antes de participar do S\u00e3o Jo\u00e3o de Caruaru ao lado do prefeito Rodrigo Pinheiro, o pr\u00e9-candidato a governador Danilo Cabral foi ao encontro das principais for\u00e7as da oposi\u00e7\u00e3o caruaruense, tradicionais n\u00e3o apenas na pol\u00edtica local, mas em todo o estado.<\/span><\/p>\n<p style=\"text-align: justify;\">O roteiro come\u00e7ou na resid\u00eancia do deputado estadual e ex-prefeito de Caruaru, Tony Gel, que recebeu Danilo e o governador Paulo C\u00e2mara com lideran\u00e7as do seu grupo pol\u00edtico. Danilo tamb\u00e9m esteve com o ex-prefeito e atual deputado estadual, Z\u00e9 Queiroz, e seu filho, o deputado federal e presidente do PDT pernambucano, Wolney Queiroz. De l\u00e1, o pr\u00e9-candidato foi \u00e0 casa do ex-vice-governador Jos\u00e9 Gomes e de seu esposa, a ex-deputada Laura Gomes, socialistas hist\u00f3ricos.<\/p>\n<p style=\"text-align: justify;\">\u201c\u00c9 uma alegria voltar hoje \u00e0 cidade de Caruaru. Fazer o reencontro com essa que \u00e9 uma das mais belas manifesta\u00e7\u00f5es da tradi\u00e7\u00e3o no nosso estado. Todos os pernambucanos estavam nessa expectativa porque faz parte da nossa cultura, da nossa ess\u00eancia. E tamb\u00e9m voltar a gerar muitas oportunidades porque o S\u00e3o Jo\u00e3o, al\u00e9m de preservar nossa identidade, \u00e9 uma oportunidade de gera\u00e7\u00e3o de renda\u201d, pontuou Danilo.<\/p>\n","protected":false},"excerpt":{"rendered":"<p>Antes de participar do S\u00e3o Jo\u00e3o de Caruaru ao lado do prefeito Rodrigo Pinheiro, o pr\u00e9-candidato a governador Danilo Cabral&hellip;<\/p>\n","protected":false},"author":1,"featured_media":84516,"comment_status":"open","ping_status":"open","sticky":false,"template":"","format":"standard","meta":{"footnotes":""},"categories":[14122],"tags":[2,19532,3406,24913,20],"class_list":["post-84515","post","type-post","status-publish","format-standard","has-post-thumbnail","hentry","category-politica","tag-blog-do-edvaldo-magalhaes","tag-blog-mais-acessado-e-visualizado-de-caruaru-e-regiao","tag-caruaru","tag-oposicoes-de-caruaru-firmes-com-danilo-cabral","tag-politica"],"_links":{"self":[{"href":"https:\/\/blogdoedvaldomagalhaes.com.br\/index.php\/wp-json\/wp\/v2\/posts\/84515","targetHints":{"allow":["GET"]}}],"collection":[{"href":"https:\/\/blogdoedvaldomagalhaes.com.br\/index.php\/wp-json\/wp\/v2\/posts"}],"about":[{"href":"https:\/\/blogdoedvaldomagalhaes.com.br\/index.php\/wp-json\/wp\/v2\/types\/post"}],"author":[{"embeddable":true,"href":"https:\/\/blogdoedvaldomagalhaes.com.br\/index.php\/wp-json\/wp\/v2\/users\/1"}],"replies":[{"embeddable":true,"href":"https:\/\/blogdoedvaldomagalhaes.com.br\/index.php\/wp-json\/wp\/v2\/comments?post=84515"}],"version-history":[{"count":1,"href":"https:\/\/blogdoedvaldomagalhaes.com.br\/index.php\/wp-json\/wp\/v2\/posts\/84515\/revisions"}],"predecessor-version":[{"id":84517,"href":"https:\/\/blogdoedvaldomagalhaes.com.br\/index.php\/wp-json\/wp\/v2\/posts\/84515\/revisions\/84517"}],"wp:featuredmedia":[{"embeddable":true,"href":"https:\/\/blogdoedvaldomagalhaes.com.br\/index.php\/wp-json\/wp\/v2\/media\/84516"}],"wp:attachment":[{"href":"https:\/\/blogdoedvaldomagalhaes.com.br\/index.php\/wp-json\/wp\/v2\/media?parent=84515"}],"wp:term":[{"taxonomy":"category","embeddable":true,"href":"https:\/\/blogdoedvaldomagalhaes.com.br\/index.php\/wp-json\/wp\/v2\/categories?post=84515"},{"taxonomy":"post_tag","embeddable":true,"href":"https:\/\/blogdoedvaldomagalhaes.com.br\/index.php\/wp-json\/wp\/v2\/tags?post=84515"}],"curies":[{"name":"wp","href":"https:\/\/api.w.org\/{rel}","templated":true}]}}