{"id":84512,"date":"2022-06-20T09:17:26","date_gmt":"2022-06-20T12:17:26","guid":{"rendered":"https:\/\/blogdoedvaldomagalhaes.com.br\/?p=84512"},"modified":"2022-06-20T09:17:27","modified_gmt":"2022-06-20T12:17:27","slug":"lessa-prestigia-evento-em-riacho-das-almas","status":"publish","type":"post","link":"https:\/\/blogdoedvaldomagalhaes.com.br\/index.php\/2022\/06\/20\/lessa-prestigia-evento-em-riacho-das-almas\/","title":{"rendered":"Lessa prestigia evento em Riacho das Almas"},"content":{"rendered":"<p style=\"text-align: justify;\"><span style=\"font-size: inherit;\">Valorizando as tradi\u00e7\u00f5es e a cultura regional, o deputado estadual Erick Lessa marcou presen\u00e7a na 18\u00aa Caminhada do Forr\u00f3. O evento, realizado no domingo (19), teve concentra\u00e7\u00e3o no centro de Riacho das Almas, de onde uma multid\u00e3o seguiu at\u00e9 a Vila do Rangel, pertencente \u00e0quele munic\u00edpio.<\/span><\/p>\n<p style=\"text-align: justify;\">Na localidade, o deputado foi amplamente recebido pela popula\u00e7\u00e3o. \u201cEu gosto de estar perto da nossa gente! Esse contato com as pessoas \u00e9 uma marca de nosso trabalho, que nos sintoniza com a realidade local, ao ouvir as demandas e trilhar caminhos de solu\u00e7\u00f5es\u201d, concluiu.<\/p>\n<p style=\"text-align: justify;\">Foto: Viliane Gomes<\/p>\n","protected":false},"excerpt":{"rendered":"<p>Valorizando as tradi\u00e7\u00f5es e a cultura regional, o deputado estadual Erick Lessa marcou presen\u00e7a na 18\u00aa Caminhada do Forr\u00f3. O&hellip;<\/p>\n","protected":false},"author":1,"featured_media":84513,"comment_status":"open","ping_status":"open","sticky":false,"template":"","format":"standard","meta":{"footnotes":""},"categories":[14122],"tags":[2,19532,3406,24912,20],"class_list":["post-84512","post","type-post","status-publish","format-standard","has-post-thumbnail","hentry","category-politica","tag-blog-do-edvaldo-magalhaes","tag-blog-mais-acessado-e-visualizado-de-caruaru-e-regiao","tag-caruaru","tag-lessa-prestigia-evento-em-riacho-das-almas","tag-politica"],"_links":{"self":[{"href":"https:\/\/blogdoedvaldomagalhaes.com.br\/index.php\/wp-json\/wp\/v2\/posts\/84512","targetHints":{"allow":["GET"]}}],"collection":[{"href":"https:\/\/blogdoedvaldomagalhaes.com.br\/index.php\/wp-json\/wp\/v2\/posts"}],"about":[{"href":"https:\/\/blogdoedvaldomagalhaes.com.br\/index.php\/wp-json\/wp\/v2\/types\/post"}],"author":[{"embeddable":true,"href":"https:\/\/blogdoedvaldomagalhaes.com.br\/index.php\/wp-json\/wp\/v2\/users\/1"}],"replies":[{"embeddable":true,"href":"https:\/\/blogdoedvaldomagalhaes.com.br\/index.php\/wp-json\/wp\/v2\/comments?post=84512"}],"version-history":[{"count":1,"href":"https:\/\/blogdoedvaldomagalhaes.com.br\/index.php\/wp-json\/wp\/v2\/posts\/84512\/revisions"}],"predecessor-version":[{"id":84514,"href":"https:\/\/blogdoedvaldomagalhaes.com.br\/index.php\/wp-json\/wp\/v2\/posts\/84512\/revisions\/84514"}],"wp:featuredmedia":[{"embeddable":true,"href":"https:\/\/blogdoedvaldomagalhaes.com.br\/index.php\/wp-json\/wp\/v2\/media\/84513"}],"wp:attachment":[{"href":"https:\/\/blogdoedvaldomagalhaes.com.br\/index.php\/wp-json\/wp\/v2\/media?parent=84512"}],"wp:term":[{"taxonomy":"category","embeddable":true,"href":"https:\/\/blogdoedvaldomagalhaes.com.br\/index.php\/wp-json\/wp\/v2\/categories?post=84512"},{"taxonomy":"post_tag","embeddable":true,"href":"https:\/\/blogdoedvaldomagalhaes.com.br\/index.php\/wp-json\/wp\/v2\/tags?post=84512"}],"curies":[{"name":"wp","href":"https:\/\/api.w.org\/{rel}","templated":true}]}}