{"id":84509,"date":"2022-06-20T08:54:47","date_gmt":"2022-06-20T11:54:47","guid":{"rendered":"https:\/\/blogdoedvaldomagalhaes.com.br\/?p=84509"},"modified":"2022-06-20T08:54:48","modified_gmt":"2022-06-20T11:54:48","slug":"tony-e-tonynho-participam-da-caminhada-do-forro-em-riacho-das-almas","status":"publish","type":"post","link":"https:\/\/blogdoedvaldomagalhaes.com.br\/index.php\/2022\/06\/20\/tony-e-tonynho-participam-da-caminhada-do-forro-em-riacho-das-almas\/","title":{"rendered":"Tony e Tonynho participam da caminhada do forr\u00f3 em Riacho das Almas"},"content":{"rendered":"<p style=\"text-align: justify;\"><span style=\"font-size: inherit; text-align: justify;\">O Deputado Estadual Tony Gel (PSB) e o pr\u00e9-candidato \u00e0 Deputado Federal Tonynho Rodrigues (MDB), participaram na manh\u00e3 deste domingo 19, da tradicional caminhada do forr\u00f3, na Vila do Rangel, zona rural de Riacho das Almas.<\/span><\/p>\n<p style=\"text-align: justify;\">Acompanhado pelo l\u00edder comunit\u00e1rio Jadilson e por outros amigos, Tony e Tonynho acompanharam a chegada da caminhada, conversaram com os forrozeiros e marcaram presen\u00e7a em v\u00e1rios pontos da Vila do Rangel, inclusive em onde estava o ex-prefeito Mota.<\/p>\n","protected":false},"excerpt":{"rendered":"<p>O Deputado Estadual Tony Gel (PSB) e o pr\u00e9-candidato \u00e0 Deputado Federal Tonynho Rodrigues (MDB), participaram na manh\u00e3 deste domingo&hellip;<\/p>\n","protected":false},"author":1,"featured_media":84510,"comment_status":"open","ping_status":"open","sticky":false,"template":"","format":"standard","meta":{"footnotes":""},"categories":[14122],"tags":[2,19532,3406,20,24911],"class_list":["post-84509","post","type-post","status-publish","format-standard","has-post-thumbnail","hentry","category-politica","tag-blog-do-edvaldo-magalhaes","tag-blog-mais-acessado-e-visualizado-de-caruaru-e-regiao","tag-caruaru","tag-politica","tag-tony-e-tonynho-participam-da-caminhada-do-forro-em-riacho-das-almas"],"_links":{"self":[{"href":"https:\/\/blogdoedvaldomagalhaes.com.br\/index.php\/wp-json\/wp\/v2\/posts\/84509","targetHints":{"allow":["GET"]}}],"collection":[{"href":"https:\/\/blogdoedvaldomagalhaes.com.br\/index.php\/wp-json\/wp\/v2\/posts"}],"about":[{"href":"https:\/\/blogdoedvaldomagalhaes.com.br\/index.php\/wp-json\/wp\/v2\/types\/post"}],"author":[{"embeddable":true,"href":"https:\/\/blogdoedvaldomagalhaes.com.br\/index.php\/wp-json\/wp\/v2\/users\/1"}],"replies":[{"embeddable":true,"href":"https:\/\/blogdoedvaldomagalhaes.com.br\/index.php\/wp-json\/wp\/v2\/comments?post=84509"}],"version-history":[{"count":1,"href":"https:\/\/blogdoedvaldomagalhaes.com.br\/index.php\/wp-json\/wp\/v2\/posts\/84509\/revisions"}],"predecessor-version":[{"id":84511,"href":"https:\/\/blogdoedvaldomagalhaes.com.br\/index.php\/wp-json\/wp\/v2\/posts\/84509\/revisions\/84511"}],"wp:featuredmedia":[{"embeddable":true,"href":"https:\/\/blogdoedvaldomagalhaes.com.br\/index.php\/wp-json\/wp\/v2\/media\/84510"}],"wp:attachment":[{"href":"https:\/\/blogdoedvaldomagalhaes.com.br\/index.php\/wp-json\/wp\/v2\/media?parent=84509"}],"wp:term":[{"taxonomy":"category","embeddable":true,"href":"https:\/\/blogdoedvaldomagalhaes.com.br\/index.php\/wp-json\/wp\/v2\/categories?post=84509"},{"taxonomy":"post_tag","embeddable":true,"href":"https:\/\/blogdoedvaldomagalhaes.com.br\/index.php\/wp-json\/wp\/v2\/tags?post=84509"}],"curies":[{"name":"wp","href":"https:\/\/api.w.org\/{rel}","templated":true}]}}