{"id":845,"date":"2018-10-31T10:40:00","date_gmt":"2018-10-31T12:40:00","guid":{"rendered":"http:\/\/blogdoedvaldomagalhaes.com.br\/index.php\/2018\/10\/31\/vereadores-de-caruaru-discutem-sobre\/"},"modified":"2019-02-09T02:37:39","modified_gmt":"2019-02-09T04:37:39","slug":"vereadores-de-caruaru-discutem-sobre","status":"publish","type":"post","link":"https:\/\/blogdoedvaldomagalhaes.com.br\/index.php\/2018\/10\/31\/vereadores-de-caruaru-discutem-sobre\/","title":{"rendered":"Vereadores de Caruaru discutem sobre vit\u00f3ria de Bolsonaro e derrota de Haddad durante reuni\u00e3o"},"content":{"rendered":"<div class=\"separator\" style=\"clear: both; text-align: center;\">\n<a href=\"https:\/\/4.bp.blogspot.com\/-C_CN929D5Rc\/W9mGCIsZV2I\/AAAAAAAA8sE\/z3DRdcKuH_QvLLiY2tnpL2eAFV9_7oMEACLcBGAs\/s1600\/camamra.jpg\" imageanchor=\"1\" style=\"margin-left: 1em; margin-right: 1em;\"><img loading=\"lazy\" decoding=\"async\" border=\"0\" data-original-height=\"465\" data-original-width=\"660\" height=\"450\" src=\"http:\/\/blogdoedvaldomagalhaes.com.br\/wp-content\/uploads\/2018\/10\/camamra.jpg\" width=\"640\" \/><\/a><\/div>\n<div class=\"separator\" style=\"clear: both; text-align: center;\">\nFoto: Vladimir Barreto<\/div>\n<p><\/p>\n<div style=\"background-color: white; border: 0px; margin-bottom: 1.5em; outline: 0px; padding: 0px; text-align: justify; vertical-align: baseline;\">\nA volta dos trabalhos no Poder Legislativo de Caruaru, p\u00f3s segundo turno das elei\u00e7\u00f5es de 2018, foi marcada por an\u00e1lises, discuss\u00e3o e delimita\u00e7\u00f5es de posicionamentos pol\u00edticos dos partidos.<\/div>\n<div style=\"background-color: white; border: 0px; margin-bottom: 1.5em; outline: 0px; padding: 0px; text-align: justify; vertical-align: baseline;\">\nOs parlamentares de Caruaru realizam 59\u00aa reuni\u00e3o ordin\u00e1ria da segunda sess\u00e3o da 17\u00aa legislatura, na tarde desta ter\u00e7a-feira (30), para tratar dos temas da ordem do dia e, na oportunidade, trazem considera\u00e7\u00f5es sobre novo cen\u00e1rio que as elei\u00e7\u00f5es presidenciais de 2018 demarcou.<\/div>\n<div style=\"background-color: white; border: 0px; margin-bottom: 1.5em; outline: 0px; padding: 0px; text-align: justify; vertical-align: baseline;\">\nRozael do Divin\u00f3polis e Edjailson da Caru forr\u00f3 destacam a relev\u00e2ncia do PRTB, partido de ambos vereadores, e que agora tem como representante maior o vice-presidente general Hamilton Mour\u00e3o. Edjailson enaltece o apoio que Jair Bolsonaro teve durante campanha, que segundo ele, conseguiu conversar diretamente com a popula\u00e7\u00e3o e apresentar as propostas da coliga\u00e7\u00e3o de forma massiva e contundente, mesmo com o pouco tempo concedido pelo hor\u00e1rio eleitoral gratuito aos partidos menores.<\/div>\n<div style=\"background-color: white; border: 0px; margin-bottom: 1.5em; outline: 0px; padding: 0px; text-align: justify; vertical-align: baseline;\">\nEdjailson inclusive declara concordar que os trabalhadores do campo possam ter a posse de arma e assim, em suas palavras, conseguir defender seu territ\u00f3rio e fam\u00edlia, de forma a intimidar poss\u00edveis a\u00e7\u00f5es de bandidos. Al\u00e9m de destacar que as palavras \u201cOrdem e Progresso\u201d, contidas na bandeira nacional, voltar\u00e3o a ter sentido \u2013 com a valoriza\u00e7\u00e3o e devolu\u00e7\u00e3o do poder de a\u00e7\u00e3o das pol\u00edcias civil, federal e militar do Brasil.<\/div>\n<div style=\"background-color: white; border: 0px; margin-bottom: 1.5em; outline: 0px; padding: 0px; text-align: justify; vertical-align: baseline;\">\nJ\u00e1 o parlamentar Daniel Finizola (PT) inicia seu discurso com um apelo para que os \u00e2nimos sejam acalmados e afirma que seu partido vai fazer uma oposi\u00e7\u00e3o respons\u00e1vel ao novo presidente eleito para que os valores democr\u00e1ticos sejam respeitados no pa\u00eds. \u201cDevemos recha\u00e7ar, combater todo e qualquer tipo de manifesta\u00e7\u00e3o de viol\u00eancia, de qualquer que seja o lado: perdedor ou o lado vencedor\u201d, enfatiza.<\/div>\n<div style=\"background-color: white; border: 0px; margin-bottom: 1.5em; outline: 0px; padding: 0px; text-align: justify; vertical-align: baseline;\">\nFinizola ainda destaca que seu partido acredita na soberania das urnas que expressa a vontade popular e que, portanto, n\u00e3o existe a possibilidade de desrespeitarem o resultado do segundo turno. Ele evidencia sua preocupa\u00e7\u00e3o tamb\u00e9m com as declara\u00e7\u00f5es do futuro Ministro da Economia, Paulo Guedes, sobre uma poss\u00edvel ruptura de rela\u00e7\u00f5es com a China e Mercosul.<\/div>\n<div style=\"background-color: white; border: 0px; margin-bottom: 1.5em; outline: 0px; padding: 0px; text-align: justify; vertical-align: baseline;\">\nO edil Marcelo Gomes (PSB) sobe a tribuna para confirmar que, juntamente com o seu partido, segue nessa nova fase como oposi\u00e7\u00e3o ao governo federal. E assim como seu colega do PT, diz lamentar que essa campanha presidencial tenha seguido sem propostas e, pela primeira vez na hist\u00f3ria, com um segundo turno sem debate.<\/div>\n<div style=\"background-color: white; border: 0px; margin-bottom: 1.5em; outline: 0px; padding: 0px; vertical-align: baseline;\">\n<\/div>\n<div class=\"google-auto-placed ap_container\" style=\"border: 0px; clear: none; height: auto; margin: 0px; outline: 0px; padding: 0px; text-align: center; vertical-align: baseline; width: 598.234px;\">\n<ins class=\"adsbygoogle adsbygoogle-noablate\" data-ad-client=\"ca-pub-5266789576615095\" data-ad-format=\"auto\" data-adsbygoogle-status=\"done\" style=\"background: transparent; border: 0px; display: block; font-style: inherit; font-weight: inherit; margin: auto; outline: 0px; padding: 0px; vertical-align: baseline;\"><ins id=\"aswift_5_expand\" style=\"background: transparent; border: none; display: inline-table; font-style: inherit; font-weight: inherit; height: 150px; margin: 0px; outline: 0px; padding: 0px; position: relative; vertical-align: baseline; visibility: visible; width: 598px;\"><\/ins><\/ins><\/div>\n<p><\/p>\n<div style=\"-webkit-text-stroke-width: 0px; background-color: white; border: 0px; font-style: normal; font-variant-caps: normal; font-variant-ligatures: normal; font-weight: 400; letter-spacing: normal; margin: 0px 0px 1.5em; orphans: 2; outline: 0px; padding: 0px; text-align: justify; text-decoration-color: initial; text-decoration-style: initial; text-indent: 0px; text-transform: none; vertical-align: baseline; white-space: normal; widows: 2; word-spacing: 0px;\">\nMarcelo tamb\u00e9m mencionou melhorias que os projetos sociais implementados pelos mandatos de Lula e Dilma trouxeram para popula\u00e7\u00e3o pernambucana do campo a cidade, que segundo ele, n\u00e3o podem ser apagados por erros cometidos pelo partido. \u201c\u00c9 importante n\u00e3o jogar a crian\u00e7a junto com a \u00e1gua do banho\u201d, diz em alus\u00e3o a fala do pr\u00f3prio Haddad (oponente de Bolsonaro no segundo turno) quando questionado sobre as mesmas quest\u00f5es durante campanha.<\/div>\n","protected":false},"excerpt":{"rendered":"<p>Foto: Vladimir Barreto A volta dos trabalhos no Poder Legislativo de Caruaru, p\u00f3s segundo turno das elei\u00e7\u00f5es de 2018, foi&hellip;<\/p>\n","protected":false},"author":1,"featured_media":0,"comment_status":"open","ping_status":"open","sticky":false,"template":"","format":"standard","meta":{"footnotes":""},"categories":[1],"tags":[2,20,789],"class_list":["post-845","post","type-post","status-publish","format-standard","hentry","category-sem-categoria","tag-blog-do-edvaldo-magalhaes","tag-politica","tag-vereadores-de-caruaru-discutem-sobre-vitoria-de-bolsonaro-e-derrota-de-haddad-durante-reuniao"],"_links":{"self":[{"href":"https:\/\/blogdoedvaldomagalhaes.com.br\/index.php\/wp-json\/wp\/v2\/posts\/845","targetHints":{"allow":["GET"]}}],"collection":[{"href":"https:\/\/blogdoedvaldomagalhaes.com.br\/index.php\/wp-json\/wp\/v2\/posts"}],"about":[{"href":"https:\/\/blogdoedvaldomagalhaes.com.br\/index.php\/wp-json\/wp\/v2\/types\/post"}],"author":[{"embeddable":true,"href":"https:\/\/blogdoedvaldomagalhaes.com.br\/index.php\/wp-json\/wp\/v2\/users\/1"}],"replies":[{"embeddable":true,"href":"https:\/\/blogdoedvaldomagalhaes.com.br\/index.php\/wp-json\/wp\/v2\/comments?post=845"}],"version-history":[{"count":1,"href":"https:\/\/blogdoedvaldomagalhaes.com.br\/index.php\/wp-json\/wp\/v2\/posts\/845\/revisions"}],"predecessor-version":[{"id":35413,"href":"https:\/\/blogdoedvaldomagalhaes.com.br\/index.php\/wp-json\/wp\/v2\/posts\/845\/revisions\/35413"}],"wp:attachment":[{"href":"https:\/\/blogdoedvaldomagalhaes.com.br\/index.php\/wp-json\/wp\/v2\/media?parent=845"}],"wp:term":[{"taxonomy":"category","embeddable":true,"href":"https:\/\/blogdoedvaldomagalhaes.com.br\/index.php\/wp-json\/wp\/v2\/categories?post=845"},{"taxonomy":"post_tag","embeddable":true,"href":"https:\/\/blogdoedvaldomagalhaes.com.br\/index.php\/wp-json\/wp\/v2\/tags?post=845"}],"curies":[{"name":"wp","href":"https:\/\/api.w.org\/{rel}","templated":true}]}}