{"id":84492,"date":"2022-06-19T13:43:22","date_gmt":"2022-06-19T16:43:22","guid":{"rendered":"https:\/\/blogdoedvaldomagalhaes.com.br\/?p=84492"},"modified":"2022-06-19T13:43:23","modified_gmt":"2022-06-19T16:43:23","slug":"polo-da-saude-tem-testagem-para-covid-19-ampliada-a-partir-deste-domingo-19","status":"publish","type":"post","link":"https:\/\/blogdoedvaldomagalhaes.com.br\/index.php\/2022\/06\/19\/polo-da-saude-tem-testagem-para-covid-19-ampliada-a-partir-deste-domingo-19\/","title":{"rendered":"Polo da Sa\u00fade tem testagem para Covid-19 ampliada a partir deste domingo (19)"},"content":{"rendered":"<p style=\"text-align: justify;\"><span style=\"font-size: inherit;\">A partir deste domingo (19), a testagem para Covid-19 que acontece no Polo da Sa\u00fade, localizado na Pra\u00e7a Gi\u00e1como Mastroianni, pr\u00f3ximo ao Assai, ter\u00e1 seu funcionamento ampliado. Antes, o servi\u00e7o era ofertado de quinta-feira a domingo, das 16h \u00e0s 22h.<\/span><\/p>\n<p style=\"text-align: justify;\">A partir de hoje, o atendimento ser\u00e1 ampliado e passar\u00e1 a funcionar todos os dias. De segunda a quarta-feira, das das 8h \u00e0s 17h e de quinta-feira ao domingo, das 8h \u00e0s 22h.<\/p>\n<p style=\"text-align: justify;\">\u201cMuitos turistas, que n\u00e3o tem acesso facilitado aos testes em seus munic\u00edpios, tem procurado o espa\u00e7o durante o fim de semana, o que vem gerando um aumento na procura pela testagem. Por isso, decidimos estender esse hor\u00e1rio para que cada vez mais pessoas possam ser beneficiadas pelo servi\u00e7o\u201d, explicou o gerente de epidemiologia, Anderson Enio.<\/p>\n<p style=\"text-align: justify;\">Al\u00e9m do Polo da Sa\u00fade, \u00e9 poss\u00edvel realizar a testagem no Centro de Sa\u00fade Ana Rodrigues, das 8h \u00e0s 16h, de segunda a sexta-feira. As Unidades B\u00e1sicas de Sa\u00fade (UBS) tamb\u00e9m oferecem o servi\u00e7o. Basta procurar a unidade de sa\u00fade mais pr\u00f3xima da sua casa para saber quais os dias da semana que os testes ser\u00e3o disponibilizados. As UBS funcionam das 8h \u00e0s 16h, na zona urbana, e das 8h \u00e0s 15h, na zona rural.<\/p>\n<p style=\"text-align: justify;\">Para realizar o teste \u00e9 necess\u00e1rio apresentar um documento oficial com foto ou CPF.<\/p>\n<p style=\"text-align: justify;\"><strong>Positividade<\/strong><\/p>\n<p style=\"text-align: justify;\">O teste ofertado pela Prefeitura de Caruaru \u00e9 do tipo teste r\u00e1pido de ant\u00edgeno. Sua coleta \u00e9 indicada a partir do 3\u00b0 dia de sintomas. Caso seu teste apresente resultado reagente, mesmo que voc\u00ea n\u00e3o apresente nenhum sintoma da doen\u00e7a, voc\u00ea deve cumprir isolamento para evitar a propaga\u00e7\u00e3o do v\u00edrus causador da doen\u00e7a.<\/p>\n<p style=\"text-align: justify;\">De acordo com protocolo desenvolvido pela Secretaria Estadual de Sa\u00fade de Pernambuco (SES\/PE), ap\u00f3s testar positivo para Covid-19, o paciente sintom\u00e1tico (com sintoma) deve se isolar por sete dias + 24h (sem sintomas), contando do 1\u00b0 dia que apresentou sintomas. J\u00e1 o paciente assintom\u00e1tico (sem sintomas) deve cumprir o mesmo per\u00edodo de isolamento, contando a partir da data do exame. As pessoas com s\u00edndromes gripais e que testaram negativo para Covid-19 tamb\u00e9m devem adotar cuidados por se tratar de poss\u00edvel caso de Influenza.<\/p>\n<p style=\"text-align: justify;\">Foto: Divulga\u00e7\u00e3o\/SECOM.<\/p>\n","protected":false},"excerpt":{"rendered":"<p>A partir deste domingo (19), a testagem para Covid-19 que acontece no Polo da Sa\u00fade, localizado na Pra\u00e7a Gi\u00e1como Mastroianni,&hellip;<\/p>\n","protected":false},"author":1,"featured_media":84493,"comment_status":"open","ping_status":"open","sticky":false,"template":"","format":"standard","meta":{"footnotes":""},"categories":[14120],"tags":[2,19532,3406,24909,6222],"class_list":["post-84492","post","type-post","status-publish","format-standard","has-post-thumbnail","hentry","category-noticias","tag-blog-do-edvaldo-magalhaes","tag-blog-mais-acessado-e-visualizado-de-caruaru-e-regiao","tag-caruaru","tag-polo-da-saude-tem-testagem-para-covid-19-ampliada-a-partir-deste-domingo-19","tag-sao-joao-de-caruaru"],"_links":{"self":[{"href":"https:\/\/blogdoedvaldomagalhaes.com.br\/index.php\/wp-json\/wp\/v2\/posts\/84492","targetHints":{"allow":["GET"]}}],"collection":[{"href":"https:\/\/blogdoedvaldomagalhaes.com.br\/index.php\/wp-json\/wp\/v2\/posts"}],"about":[{"href":"https:\/\/blogdoedvaldomagalhaes.com.br\/index.php\/wp-json\/wp\/v2\/types\/post"}],"author":[{"embeddable":true,"href":"https:\/\/blogdoedvaldomagalhaes.com.br\/index.php\/wp-json\/wp\/v2\/users\/1"}],"replies":[{"embeddable":true,"href":"https:\/\/blogdoedvaldomagalhaes.com.br\/index.php\/wp-json\/wp\/v2\/comments?post=84492"}],"version-history":[{"count":1,"href":"https:\/\/blogdoedvaldomagalhaes.com.br\/index.php\/wp-json\/wp\/v2\/posts\/84492\/revisions"}],"predecessor-version":[{"id":84494,"href":"https:\/\/blogdoedvaldomagalhaes.com.br\/index.php\/wp-json\/wp\/v2\/posts\/84492\/revisions\/84494"}],"wp:featuredmedia":[{"embeddable":true,"href":"https:\/\/blogdoedvaldomagalhaes.com.br\/index.php\/wp-json\/wp\/v2\/media\/84493"}],"wp:attachment":[{"href":"https:\/\/blogdoedvaldomagalhaes.com.br\/index.php\/wp-json\/wp\/v2\/media?parent=84492"}],"wp:term":[{"taxonomy":"category","embeddable":true,"href":"https:\/\/blogdoedvaldomagalhaes.com.br\/index.php\/wp-json\/wp\/v2\/categories?post=84492"},{"taxonomy":"post_tag","embeddable":true,"href":"https:\/\/blogdoedvaldomagalhaes.com.br\/index.php\/wp-json\/wp\/v2\/tags?post=84492"}],"curies":[{"name":"wp","href":"https:\/\/api.w.org\/{rel}","templated":true}]}}