{"id":84483,"date":"2022-06-18T16:36:01","date_gmt":"2022-06-18T19:36:01","guid":{"rendered":"https:\/\/blogdoedvaldomagalhaes.com.br\/?p=84483"},"modified":"2022-06-18T16:36:03","modified_gmt":"2022-06-18T19:36:03","slug":"colisao-frontal-entre-carro-e-caminhao-na-br-232-deixa-tres-pessoas-feridas","status":"publish","type":"post","link":"https:\/\/blogdoedvaldomagalhaes.com.br\/index.php\/2022\/06\/18\/colisao-frontal-entre-carro-e-caminhao-na-br-232-deixa-tres-pessoas-feridas\/","title":{"rendered":"Colis\u00e3o frontal entre carro e caminh\u00e3o na BR 232 deixa tr\u00eas pessoas feridas"},"content":{"rendered":"<p style=\"text-align: justify;\">O sinistro ocorreu por volta das 4h30 da madrugada, no km 234 da BR 232 em Pesqueira.<\/p>\n<p style=\"text-align: justify;\">Foi uma colis\u00e3o frontal entre um carro e um caminh\u00e3o. Pelos vest\u00edgios verificados no local, o caminh\u00e3o entrou na contram\u00e3o da rodovia.<\/p>\n<p style=\"text-align: justify;\">O motorista e tr\u00eas passageiros do carro ficaram feridos e foram encaminhados ao Hospital Regional de Arcoverde. O motorista ficou em estado grave.<\/p>\n<p style=\"text-align: justify;\">O motorista do caminh\u00e3o n\u00e3o se feriu. Ele realizou o teste do baf\u00f4metro e o resultado foi normal.<\/p>\n\n\n<figure class=\"wp-block-image size-large\"><img loading=\"lazy\" decoding=\"async\" width=\"890\" height=\"1024\" src=\"https:\/\/blogdoedvaldomagalhaes.com.br\/wp-content\/uploads\/2022\/06\/IMG-20220618-WA0118-890x1024.jpg\" alt=\"\" class=\"wp-image-84485\" srcset=\"https:\/\/blogdoedvaldomagalhaes.com.br\/wp-content\/uploads\/2022\/06\/IMG-20220618-WA0118-890x1024.jpg 890w, https:\/\/blogdoedvaldomagalhaes.com.br\/wp-content\/uploads\/2022\/06\/IMG-20220618-WA0118-261x300.jpg 261w, https:\/\/blogdoedvaldomagalhaes.com.br\/wp-content\/uploads\/2022\/06\/IMG-20220618-WA0118-768x884.jpg 768w, https:\/\/blogdoedvaldomagalhaes.com.br\/wp-content\/uploads\/2022\/06\/IMG-20220618-WA0118.jpg 960w\" sizes=\"auto, (max-width: 890px) 100vw, 890px\" \/><figcaption>Fotos: Divulga\u00e7\u00e3o\/PRF<\/figcaption><\/figure>\n","protected":false},"excerpt":{"rendered":"<p>O sinistro ocorreu por volta das 4h30 da madrugada, no km 234 da BR 232 em Pesqueira. Foi uma colis\u00e3o&hellip;<\/p>\n","protected":false},"author":1,"featured_media":84484,"comment_status":"open","ping_status":"open","sticky":false,"template":"","format":"standard","meta":{"footnotes":""},"categories":[14120],"tags":[14276,2,19532,3406,24907],"class_list":["post-84483","post","type-post","status-publish","format-standard","has-post-thumbnail","hentry","category-noticias","tag-acidente","tag-blog-do-edvaldo-magalhaes","tag-blog-mais-acessado-e-visualizado-de-caruaru-e-regiao","tag-caruaru","tag-colisao-frontal-entre-carro-e-caminhao-na-br-232-deixa-tres-pessoas-feridas"],"_links":{"self":[{"href":"https:\/\/blogdoedvaldomagalhaes.com.br\/index.php\/wp-json\/wp\/v2\/posts\/84483","targetHints":{"allow":["GET"]}}],"collection":[{"href":"https:\/\/blogdoedvaldomagalhaes.com.br\/index.php\/wp-json\/wp\/v2\/posts"}],"about":[{"href":"https:\/\/blogdoedvaldomagalhaes.com.br\/index.php\/wp-json\/wp\/v2\/types\/post"}],"author":[{"embeddable":true,"href":"https:\/\/blogdoedvaldomagalhaes.com.br\/index.php\/wp-json\/wp\/v2\/users\/1"}],"replies":[{"embeddable":true,"href":"https:\/\/blogdoedvaldomagalhaes.com.br\/index.php\/wp-json\/wp\/v2\/comments?post=84483"}],"version-history":[{"count":1,"href":"https:\/\/blogdoedvaldomagalhaes.com.br\/index.php\/wp-json\/wp\/v2\/posts\/84483\/revisions"}],"predecessor-version":[{"id":84486,"href":"https:\/\/blogdoedvaldomagalhaes.com.br\/index.php\/wp-json\/wp\/v2\/posts\/84483\/revisions\/84486"}],"wp:featuredmedia":[{"embeddable":true,"href":"https:\/\/blogdoedvaldomagalhaes.com.br\/index.php\/wp-json\/wp\/v2\/media\/84484"}],"wp:attachment":[{"href":"https:\/\/blogdoedvaldomagalhaes.com.br\/index.php\/wp-json\/wp\/v2\/media?parent=84483"}],"wp:term":[{"taxonomy":"category","embeddable":true,"href":"https:\/\/blogdoedvaldomagalhaes.com.br\/index.php\/wp-json\/wp\/v2\/categories?post=84483"},{"taxonomy":"post_tag","embeddable":true,"href":"https:\/\/blogdoedvaldomagalhaes.com.br\/index.php\/wp-json\/wp\/v2\/tags?post=84483"}],"curies":[{"name":"wp","href":"https:\/\/api.w.org\/{rel}","templated":true}]}}