{"id":84472,"date":"2022-06-18T16:13:05","date_gmt":"2022-06-18T19:13:05","guid":{"rendered":"https:\/\/blogdoedvaldomagalhaes.com.br\/?p=84472"},"modified":"2022-06-18T16:26:40","modified_gmt":"2022-06-18T19:26:40","slug":"confira-os-shows-e-horarios-de-sabado-18-e-domingo-19-no-sao-joao-de-caruaru","status":"publish","type":"post","link":"https:\/\/blogdoedvaldomagalhaes.com.br\/index.php\/2022\/06\/18\/confira-os-shows-e-horarios-de-sabado-18-e-domingo-19-no-sao-joao-de-caruaru\/","title":{"rendered":"Confira os shows e hor\u00e1rios de s\u00e1bado (18) e domingo (19) no S\u00e3o Jo\u00e3o de Caruaru"},"content":{"rendered":"<p style=\"text-align: justify;\"><span style=\"font-size: inherit;\">Neste s\u00e1bado (18), no Maior Centro de Artes Figurativas das Am\u00e9ricas, o Alto do Moura, o agito come\u00e7a a partir do meio-dia. Tocam por l\u00e1 Seu Jo\u00e3o do Pife e sua banda Dois Irm\u00e3os, al\u00e9m do sanfoneiro Cezzinha, Totonho e Felipe e Gabriel. O Polo Azul\u00e3o homenageia Pernambuco. Sobem ao palco a caruaruense Rogeria, o cantor Ortinho, o vocalista da Na\u00e7\u00e3o Zumbi, Jorge Du Peixe e, pela primeira vez em Caruaru, o grupo Ave Sangria. O P\u00e1tio tem mais uma noite de matin\u00ea e quem fica respons\u00e1vel por abrir os shows, a partir das 18h30, \u00e9 Caninana do Forr\u00f3, seguido por Ful\u00f4 de Mandacaru, Xand Avi\u00e3o e V\u00edtor Fernandes. Os port\u00f5es de acesso ao P\u00e1tio do Forr\u00f3 ser\u00e3o abertos \u00e0s 17h30.<\/span><\/p>\n<p style=\"text-align: justify;\">O domingo (19) traz grandes nomes da m\u00fasica \u00e0 Capital do Forr\u00f3. Come\u00e7ando no Alto do Moura com um dos maiores forrozeiros do Brasil, o paraibano Fl\u00e1vio Jos\u00e9, que vem acompanhado do poeta Maciel Melo, Renilda Cardoso e Anderson do Pife. O Polo Azul\u00e3o traz o ex-Tit\u00e3s Paulo Miklos, pela primeira vez em carreira solo na cidade, al\u00e9m de Joanatan Richards, Erisson Porto e Siba. O Polo Camar\u00e3o, localizado no Parque de Eventos Luiz Lua Gonzaga, traz Josildo S\u00e1 como grande atra\u00e7\u00e3o. No P\u00e1tio do Forr\u00f3, a partir das 20h, duas grandes estreias: Tarc\u00edsio do Acordeon e o cantor Thierry se juntam \u00e0 banda Magn\u00edficos para fechar o terceiro fim de semana de festa.<\/p>\n<p style=\"text-align: justify;\">Os shows no Polo Azul\u00e3o come\u00e7am sempre \u00e0s 20h. J\u00e1 no Polo Camar\u00e3o, \u00e0s 19h. O S\u00e3o Jo\u00e3o de Caruaru segue at\u00e9 o dia 2 de julho. Ainda fazem parte da programa\u00e7\u00e3o nomes como Maiara e Mara\u00edsa, Alok, Wesley Safad\u00e3o, Quinteto Violado, Bar\u00f5es da Pisadinha e as ex-BBB\u2019s Naiara Azevedo e Juliette.<\/p>\n<p style=\"text-align: justify;\">S\u00e3o Jo\u00e3o Solid\u00e1rio \u2013 Para ajudar as milhares de v\u00edtimas das chuvas que atingiram munic\u00edpios da Regi\u00e3o Metropolitana do Recife (RMR), a Prefeitura Municipal, junto com o Transforma Caruaru, disponibilizou v\u00e1rios pontos de arrecada\u00e7\u00e3o de alimentos, produtos de higiene pessoal, roupas e len\u00e7\u00f3is que ser\u00e3o encaminhados para os desabrigados. Os locais de entrega das doa\u00e7\u00f5es s\u00e3o: Polo Arraial da Sa\u00fade (em frente ao Assa\u00ed Supermercados), Mans\u00e3o do Forr\u00f3, Loja do Bem, lojas do grupo O Botic\u00e1rio e port\u00f5es de entrada do P\u00e1tio do Forr\u00f3.<\/p>\n<p style=\"text-align: justify;\">Abaixo segue a programa\u00e7\u00e3o completa do terceiro fim de semana do S\u00e3o Jo\u00e3o do Reencontro:<\/p>\n<p style=\"text-align: justify;\">S\u00c1BADO (18\/JUNHO)<\/p>\n<p style=\"text-align: justify;\">Polo Alto do Moura<\/p>\n<p style=\"text-align: justify;\">12h \u2013 Jo\u00e3o do Pife e banda Dois Irm\u00e3os<br>\n13h20 \u2013 Totonho<br>\n15h \u2013 Cezzinha<br>\n16h40 \u2013 Felipe e Gabriel<\/p>\n<p style=\"text-align: justify;\">Polo Casa Rosa<\/p>\n<p style=\"text-align: justify;\">13h &#8211; Jader Nascimento<br>\n15h &#8211; Michael Colorado<\/p>\n<p>Polo Infantil<\/p>\n<p>14h \u2013 Programa\u00e7\u00e3o do Polo Inclus\u00e3o: apresenta\u00e7\u00f5es diversas, grupos de dan\u00e7a, Libras Dance, Zelyto Madeira e banda de p\u00edfano da inclus\u00e3o<br>\n17h \u2013 Recrea\u00e7\u00e3o<br>\n17h \u2013 Banda Maria Ful\u00f4<br>\n19h \u2013 M\u00e1gico Hugo Henryk<\/p>\n<p>Polo Juarez Santiago<\/p>\n<p>17h \u2013 Trio Caf\u00e9 com Leite<br>\n18h40 \u2013 Trio Vitalino<br>\n20h20 \u2013 Trio Santa Rosa<br>\n22h \u2013 Trio Xamegado<br>\n23h40 \u2013 Naldo Lima<\/p>\n<p>Polo Camar\u00e3o e Polo das Quadrilhas<\/p>\n<p>19h &#8211; XXV Festival de Quadrilhas Estilizadas de Caruaru<br>\n21h30 \u2013 Maur\u00edcio Ramalho<br>\n23h \u2013 Bia Villa Chan<\/p>\n<p>S\u00e3o Jo\u00e3o na Ro\u00e7a \u2013 Malhada de Barreira Queimada<\/p>\n<p>19h &#8211; Trio Fu\u00e1<br>\nBatalh\u00e3o 27<br>\n20h30 &#8211; Banda Forr\u00f3 Demais<br>\nQuadrilha Molecodrilha<br>\n22h30 &#8211; Ricardo Fran\u00e7a<\/p>\n<p>Polo Azul\u00e3o<\/p>\n<p>20h &#8211; Rogeria Dera<br>\n21h30 &#8211; Ave Sangria<br>\n23h &#8211; Ortinho<br>\n0h30 &#8211; Jorge Du Peixe<\/p>\n<p>P\u00e1tio do Forr\u00f3<\/p>\n<p>18h30 \u2013 Caninana<br>\n20h30 \u2013 Ful\u00f4 de Mandacaru<br>\n22h30 \u2013 Xand Avi\u00e3o<br>\n0h30 \u2013 V\u00edtor Fernandes<\/p>\n<p>DOMINGO (19\/JUNHO<\/p>\n<p>Polo Alto do Moura<\/p>\n<p>12h \u2013 Anderson do Pife e Seu Terno de Zabumba<br>\n13h20 \u2013 Renilda Cardoso<br>\n15h \u2013 Fl\u00e1vio Jos\u00e9<br>\n16h40 \u2013 Maciel Melo<\/p>\n<p>Polo Casa Rosa<\/p>\n<p>13h \u2013 Wanessa Roger<br>\n15h \u2013 Samara Costa<\/p>\n<p>Polo Infantil<\/p>\n<p>17h \u2013 Recrea\u00e7\u00e3o<br>\n17h \u2013 Espet\u00e1culo Cordel Animado<br>\n19h \u2013 Trupe Gargalhada<\/p>\n<p>P\u00f4r do Sol no Monte<\/p>\n<p>17h \u2013 Chorinho Cambuc\u00e1<\/p>\n<p>Polo Juarez Santiago<\/p>\n<p>17h \u2013 Trio Forr\u00f3 da Gota<br>\n18h40 \u2013 Trio N\u00f3s Todos<br>\n20h20 \u2013 Trio Buscap\u00e9<br>\n22h \u2013 Trio Arco-\u00cdris<br>\n23h40 \u2013 Roberto Silva<\/p>\n<p>Polo Camar\u00e3o e Polo das Quadrilhas<\/p>\n<p>19h \u2013 Cia Olhares<br>\n20h \u2013 Molecodrilha<br>\n21h30 \u2013 Josildo S\u00e1<br>\n23h \u2013 Forr\u00f3 do Loir\u00e3o<br>\n0h30 \u2013 Andrezza Formiga<\/p>\n<p>Polo Azul\u00e3o<\/p>\n<p>20h \u2013 Joanatan Richard<br>\n21h30 \u2013 Erisson Porto<br>\n23h \u2013 Siba<br>\n0h30 \u2013 Paulo Miklos<\/p>\n<p>P\u00e1tio do Forr\u00f3<\/p>\n<p>20h \u2013 Magn\u00edficos<br>\n22h \u2013 Tarc\u00edsio do Acordeon<br>\n0h \u2013 Thierry<\/p>\n\n\n<figure class=\"wp-block-image size-large\"><img loading=\"lazy\" decoding=\"async\" width=\"576\" height=\"1024\" src=\"https:\/\/blogdoedvaldomagalhaes.com.br\/wp-content\/uploads\/2022\/06\/IMG-20220618-WA0211-576x1024.jpg\" alt=\"\" class=\"wp-image-84477\" srcset=\"https:\/\/blogdoedvaldomagalhaes.com.br\/wp-content\/uploads\/2022\/06\/IMG-20220618-WA0211-576x1024.jpg 576w, https:\/\/blogdoedvaldomagalhaes.com.br\/wp-content\/uploads\/2022\/06\/IMG-20220618-WA0211-169x300.jpg 169w, https:\/\/blogdoedvaldomagalhaes.com.br\/wp-content\/uploads\/2022\/06\/IMG-20220618-WA0211-768x1365.jpg 768w, https:\/\/blogdoedvaldomagalhaes.com.br\/wp-content\/uploads\/2022\/06\/IMG-20220618-WA0211-864x1536.jpg 864w, https:\/\/blogdoedvaldomagalhaes.com.br\/wp-content\/uploads\/2022\/06\/IMG-20220618-WA0211.jpg 900w\" sizes=\"auto, (max-width: 576px) 100vw, 576px\" \/><\/figure>\n\n\n\n<figure class=\"wp-block-image size-large\"><img loading=\"lazy\" decoding=\"async\" width=\"1024\" height=\"1024\" src=\"https:\/\/blogdoedvaldomagalhaes.com.br\/wp-content\/uploads\/2022\/06\/IMG-20220618-WA0212-1024x1024.jpg\" alt=\"\" class=\"wp-image-84479\" srcset=\"https:\/\/blogdoedvaldomagalhaes.com.br\/wp-content\/uploads\/2022\/06\/IMG-20220618-WA0212-1024x1024.jpg 1024w, https:\/\/blogdoedvaldomagalhaes.com.br\/wp-content\/uploads\/2022\/06\/IMG-20220618-WA0212-300x300.jpg 300w, https:\/\/blogdoedvaldomagalhaes.com.br\/wp-content\/uploads\/2022\/06\/IMG-20220618-WA0212-150x150.jpg 150w, https:\/\/blogdoedvaldomagalhaes.com.br\/wp-content\/uploads\/2022\/06\/IMG-20220618-WA0212-768x768.jpg 768w, https:\/\/blogdoedvaldomagalhaes.com.br\/wp-content\/uploads\/2022\/06\/IMG-20220618-WA0212.jpg 1418w\" sizes=\"auto, (max-width: 1024px) 100vw, 1024px\" \/><\/figure>\n\n\n\n<figure class=\"wp-block-image size-large\"><img loading=\"lazy\" decoding=\"async\" width=\"1024\" height=\"576\" src=\"https:\/\/blogdoedvaldomagalhaes.com.br\/wp-content\/uploads\/2022\/06\/IMG-20220605-WA0089-1024x576.jpg\" alt=\"\" class=\"wp-image-84002\" srcset=\"https:\/\/blogdoedvaldomagalhaes.com.br\/wp-content\/uploads\/2022\/06\/IMG-20220605-WA0089-1024x576.jpg 1024w, https:\/\/blogdoedvaldomagalhaes.com.br\/wp-content\/uploads\/2022\/06\/IMG-20220605-WA0089-300x169.jpg 300w, https:\/\/blogdoedvaldomagalhaes.com.br\/wp-content\/uploads\/2022\/06\/IMG-20220605-WA0089-768x432.jpg 768w, https:\/\/blogdoedvaldomagalhaes.com.br\/wp-content\/uploads\/2022\/06\/IMG-20220605-WA0089-1140x641.jpg 1140w, https:\/\/blogdoedvaldomagalhaes.com.br\/wp-content\/uploads\/2022\/06\/IMG-20220605-WA0089-720x405.jpg 720w, https:\/\/blogdoedvaldomagalhaes.com.br\/wp-content\/uploads\/2022\/06\/IMG-20220605-WA0089.jpg 1280w\" sizes=\"auto, (max-width: 1024px) 100vw, 1024px\" \/><\/figure>\n\n\n\n<figure class=\"wp-block-image size-large\"><img loading=\"lazy\" decoding=\"async\" width=\"1024\" height=\"576\" src=\"https:\/\/blogdoedvaldomagalhaes.com.br\/wp-content\/uploads\/2022\/06\/IMG-20220603-WA0313-1024x576.jpg\" alt=\"\" class=\"wp-image-83944\" srcset=\"https:\/\/blogdoedvaldomagalhaes.com.br\/wp-content\/uploads\/2022\/06\/IMG-20220603-WA0313-1024x576.jpg 1024w, https:\/\/blogdoedvaldomagalhaes.com.br\/wp-content\/uploads\/2022\/06\/IMG-20220603-WA0313-300x169.jpg 300w, https:\/\/blogdoedvaldomagalhaes.com.br\/wp-content\/uploads\/2022\/06\/IMG-20220603-WA0313-768x432.jpg 768w, https:\/\/blogdoedvaldomagalhaes.com.br\/wp-content\/uploads\/2022\/06\/IMG-20220603-WA0313-1140x641.jpg 1140w, https:\/\/blogdoedvaldomagalhaes.com.br\/wp-content\/uploads\/2022\/06\/IMG-20220603-WA0313-720x405.jpg 720w, https:\/\/blogdoedvaldomagalhaes.com.br\/wp-content\/uploads\/2022\/06\/IMG-20220603-WA0313.jpg 1280w\" sizes=\"auto, (max-width: 1024px) 100vw, 1024px\" \/><\/figure>\n\n\n\n<figure class=\"wp-block-image size-large\"><img loading=\"lazy\" decoding=\"async\" width=\"1024\" height=\"576\" src=\"https:\/\/blogdoedvaldomagalhaes.com.br\/wp-content\/uploads\/2022\/06\/IMG-20220605-WA0088-1024x576.jpg\" alt=\"\" class=\"wp-image-84003\" srcset=\"https:\/\/blogdoedvaldomagalhaes.com.br\/wp-content\/uploads\/2022\/06\/IMG-20220605-WA0088-1024x576.jpg 1024w, https:\/\/blogdoedvaldomagalhaes.com.br\/wp-content\/uploads\/2022\/06\/IMG-20220605-WA0088-300x169.jpg 300w, https:\/\/blogdoedvaldomagalhaes.com.br\/wp-content\/uploads\/2022\/06\/IMG-20220605-WA0088-768x432.jpg 768w, https:\/\/blogdoedvaldomagalhaes.com.br\/wp-content\/uploads\/2022\/06\/IMG-20220605-WA0088-1140x641.jpg 1140w, https:\/\/blogdoedvaldomagalhaes.com.br\/wp-content\/uploads\/2022\/06\/IMG-20220605-WA0088-720x405.jpg 720w, https:\/\/blogdoedvaldomagalhaes.com.br\/wp-content\/uploads\/2022\/06\/IMG-20220605-WA0088.jpg 1280w\" sizes=\"auto, (max-width: 1024px) 100vw, 1024px\" \/><\/figure>\n\n\n\n<figure class=\"wp-block-image size-large\"><img loading=\"lazy\" decoding=\"async\" width=\"1024\" height=\"576\" src=\"https:\/\/blogdoedvaldomagalhaes.com.br\/wp-content\/uploads\/2022\/06\/banner-video-1024x576.png\" alt=\"\" class=\"wp-image-83961\" srcset=\"https:\/\/blogdoedvaldomagalhaes.com.br\/wp-content\/uploads\/2022\/06\/banner-video-1024x576.png 1024w, https:\/\/blogdoedvaldomagalhaes.com.br\/wp-content\/uploads\/2022\/06\/banner-video-300x169.png 300w, https:\/\/blogdoedvaldomagalhaes.com.br\/wp-content\/uploads\/2022\/06\/banner-video-768x432.png 768w, https:\/\/blogdoedvaldomagalhaes.com.br\/wp-content\/uploads\/2022\/06\/banner-video-1536x864.png 1536w, https:\/\/blogdoedvaldomagalhaes.com.br\/wp-content\/uploads\/2022\/06\/banner-video-1140x641.png 1140w, https:\/\/blogdoedvaldomagalhaes.com.br\/wp-content\/uploads\/2022\/06\/banner-video-720x405.png 720w, https:\/\/blogdoedvaldomagalhaes.com.br\/wp-content\/uploads\/2022\/06\/banner-video.png 1920w\" sizes=\"auto, (max-width: 1024px) 100vw, 1024px\" \/><\/figure>\n","protected":false},"excerpt":{"rendered":"<p>Neste s\u00e1bado (18), no Maior Centro de Artes Figurativas das Am\u00e9ricas, o Alto do Moura, o agito come\u00e7a a partir&hellip;<\/p>\n","protected":false},"author":1,"featured_media":84473,"comment_status":"open","ping_status":"open","sticky":false,"template":"","format":"standard","meta":{"footnotes":""},"categories":[14120],"tags":[2,19532,3406,24906],"class_list":["post-84472","post","type-post","status-publish","format-standard","has-post-thumbnail","hentry","category-noticias","tag-blog-do-edvaldo-magalhaes","tag-blog-mais-acessado-e-visualizado-de-caruaru-e-regiao","tag-caruaru","tag-confira-os-shows-e-horarios-de-sabado-18-e-domingo-19-no-sao-joao-de-caruaru"],"_links":{"self":[{"href":"https:\/\/blogdoedvaldomagalhaes.com.br\/index.php\/wp-json\/wp\/v2\/posts\/84472","targetHints":{"allow":["GET"]}}],"collection":[{"href":"https:\/\/blogdoedvaldomagalhaes.com.br\/index.php\/wp-json\/wp\/v2\/posts"}],"about":[{"href":"https:\/\/blogdoedvaldomagalhaes.com.br\/index.php\/wp-json\/wp\/v2\/types\/post"}],"author":[{"embeddable":true,"href":"https:\/\/blogdoedvaldomagalhaes.com.br\/index.php\/wp-json\/wp\/v2\/users\/1"}],"replies":[{"embeddable":true,"href":"https:\/\/blogdoedvaldomagalhaes.com.br\/index.php\/wp-json\/wp\/v2\/comments?post=84472"}],"version-history":[{"count":4,"href":"https:\/\/blogdoedvaldomagalhaes.com.br\/index.php\/wp-json\/wp\/v2\/posts\/84472\/revisions"}],"predecessor-version":[{"id":84482,"href":"https:\/\/blogdoedvaldomagalhaes.com.br\/index.php\/wp-json\/wp\/v2\/posts\/84472\/revisions\/84482"}],"wp:featuredmedia":[{"embeddable":true,"href":"https:\/\/blogdoedvaldomagalhaes.com.br\/index.php\/wp-json\/wp\/v2\/media\/84473"}],"wp:attachment":[{"href":"https:\/\/blogdoedvaldomagalhaes.com.br\/index.php\/wp-json\/wp\/v2\/media?parent=84472"}],"wp:term":[{"taxonomy":"category","embeddable":true,"href":"https:\/\/blogdoedvaldomagalhaes.com.br\/index.php\/wp-json\/wp\/v2\/categories?post=84472"},{"taxonomy":"post_tag","embeddable":true,"href":"https:\/\/blogdoedvaldomagalhaes.com.br\/index.php\/wp-json\/wp\/v2\/tags?post=84472"}],"curies":[{"name":"wp","href":"https:\/\/api.w.org\/{rel}","templated":true}]}}