{"id":84470,"date":"2022-06-18T12:10:03","date_gmt":"2022-06-18T15:10:03","guid":{"rendered":"https:\/\/blogdoedvaldomagalhaes.com.br\/?p=84470"},"modified":"2022-06-18T12:10:04","modified_gmt":"2022-06-18T15:10:04","slug":"propositura-do-vereador-cabo-cardoso-e-sancionada-de-doacao-do-terreno-para-o-colegio-militar","status":"publish","type":"post","link":"https:\/\/blogdoedvaldomagalhaes.com.br\/index.php\/2022\/06\/18\/propositura-do-vereador-cabo-cardoso-e-sancionada-de-doacao-do-terreno-para-o-colegio-militar\/","title":{"rendered":"Propositura do vereador Cabo Cardoso \u00e9 sancionada de doa\u00e7\u00e3o do terreno para o Col\u00e9gio Militar"},"content":{"rendered":"<p style=\"text-align: justify;\">O vereador Cabo Cardoso no dia do seu anivers\u00e1rio participou de solenidade de san\u00e7\u00e3o da lei de doa\u00e7\u00e3o do terreno onde ser\u00e1 constru\u00eddo o t\u00e3o sonhado col\u00e9gio da pol\u00edcia militar de Pernambuco. O parlamentar prometeu durante a campanha que iria lutar para realizar os sonhos n\u00e3o s\u00f3 dos policiais e bombeiros militares do Agreste mais tamb\u00e9m da sociedade como um todo j\u00e1 que um percentual de vagas dessa escola, s\u00e3o destinadas as pessoas civis e inclusive aos portadores de defici\u00eancia.<\/p>\n","protected":false},"excerpt":{"rendered":"<p>O vereador Cabo Cardoso no dia do seu anivers\u00e1rio participou de solenidade de san\u00e7\u00e3o da lei de doa\u00e7\u00e3o do terreno&hellip;<\/p>\n","protected":false},"author":1,"featured_media":84461,"comment_status":"open","ping_status":"open","sticky":false,"template":"","format":"standard","meta":{"footnotes":""},"categories":[14122],"tags":[2,19532,3406,20,24905],"class_list":["post-84470","post","type-post","status-publish","format-standard","has-post-thumbnail","hentry","category-politica","tag-blog-do-edvaldo-magalhaes","tag-blog-mais-acessado-e-visualizado-de-caruaru-e-regiao","tag-caruaru","tag-politica","tag-propositura-do-vereador-cabo-cardoso-e-sancionada-de-doacao-do-terreno-para-o-colegio-militar"],"_links":{"self":[{"href":"https:\/\/blogdoedvaldomagalhaes.com.br\/index.php\/wp-json\/wp\/v2\/posts\/84470","targetHints":{"allow":["GET"]}}],"collection":[{"href":"https:\/\/blogdoedvaldomagalhaes.com.br\/index.php\/wp-json\/wp\/v2\/posts"}],"about":[{"href":"https:\/\/blogdoedvaldomagalhaes.com.br\/index.php\/wp-json\/wp\/v2\/types\/post"}],"author":[{"embeddable":true,"href":"https:\/\/blogdoedvaldomagalhaes.com.br\/index.php\/wp-json\/wp\/v2\/users\/1"}],"replies":[{"embeddable":true,"href":"https:\/\/blogdoedvaldomagalhaes.com.br\/index.php\/wp-json\/wp\/v2\/comments?post=84470"}],"version-history":[{"count":1,"href":"https:\/\/blogdoedvaldomagalhaes.com.br\/index.php\/wp-json\/wp\/v2\/posts\/84470\/revisions"}],"predecessor-version":[{"id":84471,"href":"https:\/\/blogdoedvaldomagalhaes.com.br\/index.php\/wp-json\/wp\/v2\/posts\/84470\/revisions\/84471"}],"wp:featuredmedia":[{"embeddable":true,"href":"https:\/\/blogdoedvaldomagalhaes.com.br\/index.php\/wp-json\/wp\/v2\/media\/84461"}],"wp:attachment":[{"href":"https:\/\/blogdoedvaldomagalhaes.com.br\/index.php\/wp-json\/wp\/v2\/media?parent=84470"}],"wp:term":[{"taxonomy":"category","embeddable":true,"href":"https:\/\/blogdoedvaldomagalhaes.com.br\/index.php\/wp-json\/wp\/v2\/categories?post=84470"},{"taxonomy":"post_tag","embeddable":true,"href":"https:\/\/blogdoedvaldomagalhaes.com.br\/index.php\/wp-json\/wp\/v2\/tags?post=84470"}],"curies":[{"name":"wp","href":"https:\/\/api.w.org\/{rel}","templated":true}]}}