{"id":84467,"date":"2022-06-18T12:01:00","date_gmt":"2022-06-18T15:01:00","guid":{"rendered":"https:\/\/blogdoedvaldomagalhaes.com.br\/?p=84467"},"modified":"2022-06-18T12:01:02","modified_gmt":"2022-06-18T15:01:02","slug":"tony-e-tonynho-presentes-no-arraia-da-gre-e-no-sao-joao-na-roca-em-caruaru","status":"publish","type":"post","link":"https:\/\/blogdoedvaldomagalhaes.com.br\/index.php\/2022\/06\/18\/tony-e-tonynho-presentes-no-arraia-da-gre-e-no-sao-joao-na-roca-em-caruaru\/","title":{"rendered":"Tony e Tonynho presentes no arrai\u00e1 da GRE e no S\u00e3o Jo\u00e3o na ro\u00e7a em Caruaru"},"content":{"rendered":"<p style=\"text-align: justify;\"><span style=\"font-size: inherit;\">O Deputado Estadual Tony Gel (PSB) e o pr\u00e9-candidato \u00e0 Deputado Federal Tonynho Rodrigues (MDB), participaram na noite desta sexta-feira 17, de dois eventos juninos na Capital do Forr\u00f3. O primeiro compromisso foi no Arrai\u00e1 da GRE, que reuniu gestores de v\u00e1rias escolas estaduais. A festa foi organizada pelo Gerente Regional de Educa\u00e7\u00e3o, Fl\u00e1vio Carlos, e teve com atra\u00e7\u00e3o a cantora Rosimar Lemos e banda.<\/span><\/p>\n<p style=\"text-align: justify;\">Em seguida, Tony e Tonynho que nas elei\u00e7\u00f5es deste ano, ir\u00e3o fazer a t\u00e3o esperada dobradinha pol\u00edtica, foram at\u00e9 a Vila do Ju\u00e1, na zona rural de Caruaru, prestigiar o S\u00e3o Jo\u00e3o na ro\u00e7a. Acompanhados pelo vereador Galego de Lajes, o l\u00edder comunit\u00e1rio Ac\u00e1cio e outros amigos, pai e filho conversaram com os moradores, tiraram dezenas de fotos e assistiram aos shows do Trio Forr\u00f3 Quest\u00e3o e da Banda Cascabulho.<\/p>\n<p style=\"text-align: justify;\">Tanto no Arrai\u00e1 da Educa\u00e7\u00e3o, como no S\u00e3o Jo\u00e3o na ro\u00e7a, Tony Gel e Tonynho Rodrigues foram muito bem recebidos. Os dois seguem com agenda junina at\u00e9 o pr\u00f3ximo domingo.<\/p>\n","protected":false},"excerpt":{"rendered":"<p>O Deputado Estadual Tony Gel (PSB) e o pr\u00e9-candidato \u00e0 Deputado Federal Tonynho Rodrigues (MDB), participaram na noite desta sexta-feira&hellip;<\/p>\n","protected":false},"author":1,"featured_media":84468,"comment_status":"open","ping_status":"open","sticky":false,"template":"","format":"standard","meta":{"footnotes":""},"categories":[14122],"tags":[2,19532,3406,20,24904],"class_list":["post-84467","post","type-post","status-publish","format-standard","has-post-thumbnail","hentry","category-politica","tag-blog-do-edvaldo-magalhaes","tag-blog-mais-acessado-e-visualizado-de-caruaru-e-regiao","tag-caruaru","tag-politica","tag-tony-e-tonynho-presentes-no-arraia-da-gre-e-no-sao-joao-na-roca-em-caruaru"],"_links":{"self":[{"href":"https:\/\/blogdoedvaldomagalhaes.com.br\/index.php\/wp-json\/wp\/v2\/posts\/84467","targetHints":{"allow":["GET"]}}],"collection":[{"href":"https:\/\/blogdoedvaldomagalhaes.com.br\/index.php\/wp-json\/wp\/v2\/posts"}],"about":[{"href":"https:\/\/blogdoedvaldomagalhaes.com.br\/index.php\/wp-json\/wp\/v2\/types\/post"}],"author":[{"embeddable":true,"href":"https:\/\/blogdoedvaldomagalhaes.com.br\/index.php\/wp-json\/wp\/v2\/users\/1"}],"replies":[{"embeddable":true,"href":"https:\/\/blogdoedvaldomagalhaes.com.br\/index.php\/wp-json\/wp\/v2\/comments?post=84467"}],"version-history":[{"count":1,"href":"https:\/\/blogdoedvaldomagalhaes.com.br\/index.php\/wp-json\/wp\/v2\/posts\/84467\/revisions"}],"predecessor-version":[{"id":84469,"href":"https:\/\/blogdoedvaldomagalhaes.com.br\/index.php\/wp-json\/wp\/v2\/posts\/84467\/revisions\/84469"}],"wp:featuredmedia":[{"embeddable":true,"href":"https:\/\/blogdoedvaldomagalhaes.com.br\/index.php\/wp-json\/wp\/v2\/media\/84468"}],"wp:attachment":[{"href":"https:\/\/blogdoedvaldomagalhaes.com.br\/index.php\/wp-json\/wp\/v2\/media?parent=84467"}],"wp:term":[{"taxonomy":"category","embeddable":true,"href":"https:\/\/blogdoedvaldomagalhaes.com.br\/index.php\/wp-json\/wp\/v2\/categories?post=84467"},{"taxonomy":"post_tag","embeddable":true,"href":"https:\/\/blogdoedvaldomagalhaes.com.br\/index.php\/wp-json\/wp\/v2\/tags?post=84467"}],"curies":[{"name":"wp","href":"https:\/\/api.w.org\/{rel}","templated":true}]}}