{"id":84445,"date":"2022-06-17T14:30:49","date_gmt":"2022-06-17T17:30:49","guid":{"rendered":"https:\/\/blogdoedvaldomagalhaes.com.br\/?p=84445"},"modified":"2022-06-17T14:30:50","modified_gmt":"2022-06-17T17:30:50","slug":"tony-gel-e-tonynho-participam-de-inauguracao-e-assinatura-de-ordem-de-servico-em-toritama","status":"publish","type":"post","link":"https:\/\/blogdoedvaldomagalhaes.com.br\/index.php\/2022\/06\/17\/tony-gel-e-tonynho-participam-de-inauguracao-e-assinatura-de-ordem-de-servico-em-toritama\/","title":{"rendered":"Tony Gel e Tonynho participam de inaugura\u00e7\u00e3o e assinatura de ordem de servi\u00e7o em Toritama"},"content":{"rendered":"<p style=\"text-align: justify;\"><span style=\"font-size: inherit;\">O Deputado Estadual Tony Gel (PSB), e o pr\u00e9-candidato a Deputado Federal Tonynho Rodrigues (MDB), participaram no final da tarde desta quarta-feira 15, em Toritama, de uma solenidade que marcou a inaugura\u00e7\u00e3o da nova Unidade B\u00e1sica de Sa\u00fade &#8211; UBS, na Vila de S\u00e3o Benedito, e a assinatura da ordem de servi\u00e7o para o in\u00edcio das obras de constru\u00e7\u00e3o do Sistema de Abastecimento de \u00c1gua da referida comunidade.<\/span><\/p>\n<p style=\"text-align: justify;\">Acompanhados pelo prefeito Edilson Tavares, o vice-prefeito Romerinho, vereadores, vereadoras, representantes da Compesa e do l\u00edder comunit\u00e1rio Z\u00e9 moela, Tony Gel e Tonynho conheceram as instala\u00e7\u00f5es da nova UBS e receberam informa\u00e7\u00f5es detalhadas do projeto que vai garantir \u00e1gua nas torneiras de todas as casas daquela comunidade.<\/p>\n<p style=\"text-align: justify;\">Em suas falas, Tony Gel e Tonynho Rodrigues elogiaram o excelente trabalho que o prefeito Edilson Tavares vem realizando, destacando principalmente a determina\u00e7\u00e3o de executar obras de grande porte em todas as \u00e1reas do munic\u00edpio.<\/p>\n<p style=\"text-align: justify;\">Para viabilizar a constru\u00e7\u00e3o da rede de abastecimento de \u00e1gua para atender as fam\u00edlias de S\u00e3o Benedito, Tony Gel destinou para \u00e0 Compesa uma emenda parlamentar no valor de R$ 500 mil, ficando com isso a empresa pernambucana, respons\u00e1vel em fazer um investimento de mais R$ 500 mil para a realiza\u00e7\u00e3o da obra.<\/p>\n","protected":false},"excerpt":{"rendered":"<p>O Deputado Estadual Tony Gel (PSB), e o pr\u00e9-candidato a Deputado Federal Tonynho Rodrigues (MDB), participaram no final da tarde&hellip;<\/p>\n","protected":false},"author":1,"featured_media":84446,"comment_status":"open","ping_status":"open","sticky":false,"template":"","format":"standard","meta":{"footnotes":""},"categories":[14122],"tags":[2,19532,3406,20,24901],"class_list":["post-84445","post","type-post","status-publish","format-standard","has-post-thumbnail","hentry","category-politica","tag-blog-do-edvaldo-magalhaes","tag-blog-mais-acessado-e-visualizado-de-caruaru-e-regiao","tag-caruaru","tag-politica","tag-tony-gel-e-tonynho-participam-de-inauguracao-e-assinatura-de-ordem-de-servico-em-toritama"],"_links":{"self":[{"href":"https:\/\/blogdoedvaldomagalhaes.com.br\/index.php\/wp-json\/wp\/v2\/posts\/84445","targetHints":{"allow":["GET"]}}],"collection":[{"href":"https:\/\/blogdoedvaldomagalhaes.com.br\/index.php\/wp-json\/wp\/v2\/posts"}],"about":[{"href":"https:\/\/blogdoedvaldomagalhaes.com.br\/index.php\/wp-json\/wp\/v2\/types\/post"}],"author":[{"embeddable":true,"href":"https:\/\/blogdoedvaldomagalhaes.com.br\/index.php\/wp-json\/wp\/v2\/users\/1"}],"replies":[{"embeddable":true,"href":"https:\/\/blogdoedvaldomagalhaes.com.br\/index.php\/wp-json\/wp\/v2\/comments?post=84445"}],"version-history":[{"count":1,"href":"https:\/\/blogdoedvaldomagalhaes.com.br\/index.php\/wp-json\/wp\/v2\/posts\/84445\/revisions"}],"predecessor-version":[{"id":84447,"href":"https:\/\/blogdoedvaldomagalhaes.com.br\/index.php\/wp-json\/wp\/v2\/posts\/84445\/revisions\/84447"}],"wp:featuredmedia":[{"embeddable":true,"href":"https:\/\/blogdoedvaldomagalhaes.com.br\/index.php\/wp-json\/wp\/v2\/media\/84446"}],"wp:attachment":[{"href":"https:\/\/blogdoedvaldomagalhaes.com.br\/index.php\/wp-json\/wp\/v2\/media?parent=84445"}],"wp:term":[{"taxonomy":"category","embeddable":true,"href":"https:\/\/blogdoedvaldomagalhaes.com.br\/index.php\/wp-json\/wp\/v2\/categories?post=84445"},{"taxonomy":"post_tag","embeddable":true,"href":"https:\/\/blogdoedvaldomagalhaes.com.br\/index.php\/wp-json\/wp\/v2\/tags?post=84445"}],"curies":[{"name":"wp","href":"https:\/\/api.w.org\/{rel}","templated":true}]}}