{"id":8441,"date":"2016-09-01T18:35:00","date_gmt":"2016-09-01T21:35:00","guid":{"rendered":"http:\/\/blogdoedvaldomagalhaes.com.br\/index.php\/2016\/09\/01\/sismuc-regional-analisa-projeto-de-lei\/"},"modified":"2019-02-09T00:57:30","modified_gmt":"2019-02-09T02:57:30","slug":"sismuc-regional-analisa-projeto-de-lei","status":"publish","type":"post","link":"https:\/\/blogdoedvaldomagalhaes.com.br\/index.php\/2016\/09\/01\/sismuc-regional-analisa-projeto-de-lei\/","title":{"rendered":"Sismuc Regional analisa com a categoria Projeto de Lei sobre Valoriza\u00e7\u00e3o do Docente"},"content":{"rendered":"<div style=\"line-height: 19.32px; margin-bottom: 6px;\">\n<\/div>\n<div style=\"text-align: justify;\">\n<div class=\"separator\" style=\"clear: both; text-align: center;\">\n<a href=\"https:\/\/4.bp.blogspot.com\/-UcI-LwMO6uA\/V8h1QF8mxxI\/AAAAAAAAFnk\/V4AbMVILITM179D4o8AlKDkU0dr0BTengCLcB\/s1600\/sismuc.jpg\" imageanchor=\"1\" style=\"margin-left: 1em; margin-right: 1em;\"><img loading=\"lazy\" decoding=\"async\" border=\"0\" height=\"225\" src=\"http:\/\/blogdoedvaldomagalhaes.com.br\/wp-content\/uploads\/2016\/09\/sismuc.jpg\" width=\"400\" \/><\/a><\/div>\n<p><\/div>\n<div style=\"text-align: justify;\">\nEm meio ao pol\u00eamico Projeto de Lei 7.109 de Valoriza\u00e7\u00e3o do Docente, proposto<br \/>\npelo Executivo Municipal, os Servidores P\u00fablicos da Rede Municipal de<br \/>\nEnsino estiveram participando na tarde dessa quarta-feira (31), de &nbsp;Assembleia Geral Extraordin\u00e1ria, promovida pelo Sismuc Regional nas depend\u00eancias da Uni\u00e3o Beneficente dos Artistas de Caruaru.<\/div>\n<div style=\"text-align: justify;\">\n<\/div>\n<div style=\"text-align: justify;\">\nO presidente do Sismuc Regional, Eduardo Mendon\u00e7a, esteve chamando<br \/>\naten\u00e7\u00e3o dos professores quanto ao momento eleitoral local, em qu\u00ea muitos<br \/>\n se utilizam de discursos e projetos<br \/>\nfantasiosos na tentativa<br \/>\n de conquistar o voto da categoria. &#8221; Muitos tomam proveito da situa\u00e7\u00e3o<br \/>\npara ludibriar a inten\u00e7\u00e3o de cada um, com vantagens e promessas que n\u00e3o<br \/>\npassam de pr\u00e1ticas subversivas&#8221;, alertou Mendon\u00e7a.<\/div>\n<p><\/p>\n<div style=\"display: inline; line-height: 19.32px;\">\n<p><\/p>\n<div style=\"margin-bottom: 6px; text-align: justify;\">\nSobre o<br \/>\nconte\u00fado do Programa de Valoriza\u00e7\u00e3o do Trabalho Docente no Munic\u00edpio de<br \/>\nCaruaru, Eduardo Mendon\u00e7a explicou que o professor tem que ter muito<br \/>\ncuidado quanto as suas diretrizes, que podem<br \/>\n tirar algumas garantias de fun\u00e7\u00f5es da categoria. &#8221; S\u00e3o normativas que<br \/>\nenglobam a educa\u00e7\u00e3o como um todo, por\u00e9m, n\u00e3o d\u00e3o seguran\u00e7a ao docente em<br \/>\n particular &#8220;, orientou Mendon\u00e7a.<\/div>\n<\/div>\n","protected":false},"excerpt":{"rendered":"<p>Em meio ao pol\u00eamico Projeto de Lei 7.109 de Valoriza\u00e7\u00e3o do Docente, proposto pelo Executivo Municipal, os Servidores P\u00fablicos da&hellip;<\/p>\n","protected":false},"author":1,"featured_media":0,"comment_status":"open","ping_status":"open","sticky":false,"template":"","format":"standard","meta":{"footnotes":""},"categories":[1],"tags":[2,3236,6,12501,7918,12462],"class_list":["post-8441","post","type-post","status-publish","format-standard","hentry","category-sem-categoria","tag-blog-do-edvaldo-magalhaes","tag-eduardo-mendonca","tag-noticias","tag-programa-de-valorizacao-do-trabalho-docente-no-municipio-de-caruaru","tag-sismuc-regional","tag-uniao-beneficente-dos-artistas-de-caruaru"],"_links":{"self":[{"href":"https:\/\/blogdoedvaldomagalhaes.com.br\/index.php\/wp-json\/wp\/v2\/posts\/8441","targetHints":{"allow":["GET"]}}],"collection":[{"href":"https:\/\/blogdoedvaldomagalhaes.com.br\/index.php\/wp-json\/wp\/v2\/posts"}],"about":[{"href":"https:\/\/blogdoedvaldomagalhaes.com.br\/index.php\/wp-json\/wp\/v2\/types\/post"}],"author":[{"embeddable":true,"href":"https:\/\/blogdoedvaldomagalhaes.com.br\/index.php\/wp-json\/wp\/v2\/users\/1"}],"replies":[{"embeddable":true,"href":"https:\/\/blogdoedvaldomagalhaes.com.br\/index.php\/wp-json\/wp\/v2\/comments?post=8441"}],"version-history":[{"count":1,"href":"https:\/\/blogdoedvaldomagalhaes.com.br\/index.php\/wp-json\/wp\/v2\/posts\/8441\/revisions"}],"predecessor-version":[{"id":12015,"href":"https:\/\/blogdoedvaldomagalhaes.com.br\/index.php\/wp-json\/wp\/v2\/posts\/8441\/revisions\/12015"}],"wp:attachment":[{"href":"https:\/\/blogdoedvaldomagalhaes.com.br\/index.php\/wp-json\/wp\/v2\/media?parent=8441"}],"wp:term":[{"taxonomy":"category","embeddable":true,"href":"https:\/\/blogdoedvaldomagalhaes.com.br\/index.php\/wp-json\/wp\/v2\/categories?post=8441"},{"taxonomy":"post_tag","embeddable":true,"href":"https:\/\/blogdoedvaldomagalhaes.com.br\/index.php\/wp-json\/wp\/v2\/tags?post=8441"}],"curies":[{"name":"wp","href":"https:\/\/api.w.org\/{rel}","templated":true}]}}