{"id":84367,"date":"2022-06-14T20:13:41","date_gmt":"2022-06-14T23:13:41","guid":{"rendered":"https:\/\/blogdoedvaldomagalhaes.com.br\/?p=84367"},"modified":"2022-06-14T23:33:23","modified_gmt":"2022-06-15T02:33:23","slug":"pl-sobre-a-criacao-do-concurso-publico-em-caruaru-e-aprovado-na-camara","status":"publish","type":"post","link":"https:\/\/blogdoedvaldomagalhaes.com.br\/index.php\/2022\/06\/14\/pl-sobre-a-criacao-do-concurso-publico-em-caruaru-e-aprovado-na-camara\/","title":{"rendered":"PL sobre a cria\u00e7\u00e3o do Concurso P\u00fablico em Caruaru \u00e9 aprovado na C\u00e2mara"},"content":{"rendered":"<p style=\"text-align: justify;\"><span style=\"font-size: inherit;\">Durante a realiza\u00e7\u00e3o da 27\u00aa Sess\u00e3o Legislativa que ocorreu na tarde dessa ter\u00e7a-feira (14), na Casa Jornalista Jos\u00e9 Carlos Flor\u00eancio, os vereadores aprovaram por unanimidade a cria\u00e7\u00e3o do Concurso P\u00fablico para professores do Munic\u00edpio de Caruaru.<\/span><\/p>\n<p style=\"text-align: justify;\">O Projeto de Lei de autoria do Poder Executivo visa criar 300 novos cargos efetivos para os professores, sendo 150 para Professor I e 150 para Professor II. O Vereador Jorge Quintino j\u00e1 havia apresentado um Requerimento sobre a realiza\u00e7\u00e3o dos processos administrativos acima citados, para um melhor progresso de nosso munic\u00edpio, que estava em di\u00e1logo com o Executivo.<\/p>\n<p style=\"text-align: justify;\">\u201cComo Presidente da Comiss\u00e3o de Educa\u00e7\u00e3o, Cultura e Esportes e Meio ambiente, considero este momento um grande avan\u00e7o em rela\u00e7\u00e3o \u00e0 educa\u00e7\u00e3o. Essa vit\u00f3ria \u00e9 uma conquista de todos n\u00f3s que discutimos e buscamos um avan\u00e7o sobre o Concurso\u201d destacou o Vereador.<\/p>\n<p style=\"text-align: justify;\">Um Concurso P\u00fablico \u00e9 um processo pelo qual s\u00e3o selecionadas pessoas para exercerem uma determinada fun\u00e7\u00e3o dentro da Administra\u00e7\u00e3o P\u00fablica, podendo assim, destacar a busca por melhorar a efici\u00eancia no setor p\u00fablico.<\/p>\n<p style=\"text-align: justify;\">Com etapas bem definidas e com certo grau de dificuldade, os concursos selecionam pessoas com base em crit\u00e9rios t\u00e9cnicos e que quase sempre est\u00e3o preparadas para assumir o cargo.<\/p>\n<p>Foto: Vladimir Barreto.<\/p>\n","protected":false},"excerpt":{"rendered":"<p>Durante a realiza\u00e7\u00e3o da 27\u00aa Sess\u00e3o Legislativa que ocorreu na tarde dessa ter\u00e7a-feira (14), na Casa Jornalista Jos\u00e9 Carlos Flor\u00eancio,&hellip;<\/p>\n","protected":false},"author":1,"featured_media":84368,"comment_status":"open","ping_status":"open","sticky":false,"template":"","format":"standard","meta":{"footnotes":""},"categories":[14122],"tags":[2,19532,3406,24883,20],"class_list":["post-84367","post","type-post","status-publish","format-standard","has-post-thumbnail","hentry","category-politica","tag-blog-do-edvaldo-magalhaes","tag-blog-mais-acessado-e-visualizado-de-caruaru-e-regiao","tag-caruaru","tag-pl-sobre-a-criacao-do-concurso-publico-em-caruaru-e-aprovado-na-camara","tag-politica"],"_links":{"self":[{"href":"https:\/\/blogdoedvaldomagalhaes.com.br\/index.php\/wp-json\/wp\/v2\/posts\/84367","targetHints":{"allow":["GET"]}}],"collection":[{"href":"https:\/\/blogdoedvaldomagalhaes.com.br\/index.php\/wp-json\/wp\/v2\/posts"}],"about":[{"href":"https:\/\/blogdoedvaldomagalhaes.com.br\/index.php\/wp-json\/wp\/v2\/types\/post"}],"author":[{"embeddable":true,"href":"https:\/\/blogdoedvaldomagalhaes.com.br\/index.php\/wp-json\/wp\/v2\/users\/1"}],"replies":[{"embeddable":true,"href":"https:\/\/blogdoedvaldomagalhaes.com.br\/index.php\/wp-json\/wp\/v2\/comments?post=84367"}],"version-history":[{"count":3,"href":"https:\/\/blogdoedvaldomagalhaes.com.br\/index.php\/wp-json\/wp\/v2\/posts\/84367\/revisions"}],"predecessor-version":[{"id":84372,"href":"https:\/\/blogdoedvaldomagalhaes.com.br\/index.php\/wp-json\/wp\/v2\/posts\/84367\/revisions\/84372"}],"wp:featuredmedia":[{"embeddable":true,"href":"https:\/\/blogdoedvaldomagalhaes.com.br\/index.php\/wp-json\/wp\/v2\/media\/84368"}],"wp:attachment":[{"href":"https:\/\/blogdoedvaldomagalhaes.com.br\/index.php\/wp-json\/wp\/v2\/media?parent=84367"}],"wp:term":[{"taxonomy":"category","embeddable":true,"href":"https:\/\/blogdoedvaldomagalhaes.com.br\/index.php\/wp-json\/wp\/v2\/categories?post=84367"},{"taxonomy":"post_tag","embeddable":true,"href":"https:\/\/blogdoedvaldomagalhaes.com.br\/index.php\/wp-json\/wp\/v2\/tags?post=84367"}],"curies":[{"name":"wp","href":"https:\/\/api.w.org\/{rel}","templated":true}]}}