{"id":84364,"date":"2022-06-14T19:43:37","date_gmt":"2022-06-14T22:43:37","guid":{"rendered":"https:\/\/blogdoedvaldomagalhaes.com.br\/?p=84364"},"modified":"2022-06-14T19:43:52","modified_gmt":"2022-06-14T22:43:52","slug":"presidente-bolsonaro-confirma-presenca-no-sao-joao-de-caruaru-e-campina-grande","status":"publish","type":"post","link":"https:\/\/blogdoedvaldomagalhaes.com.br\/index.php\/2022\/06\/14\/presidente-bolsonaro-confirma-presenca-no-sao-joao-de-caruaru-e-campina-grande\/","title":{"rendered":"Presidente Bolsonaro confirma presen\u00e7a no S\u00e3o Jo\u00e3o de Caruaru e Campina Grande"},"content":{"rendered":"<p style=\"text-align: justify;\"><span style=\"font-size: inherit;\">O presidente Jair Bolsonaro confirmou, nesta ter\u00e7a-feira (14.06), presen\u00e7a no S\u00e3o Jo\u00e3o de Caruaru (PE) e Campina Grande (PB) nos pr\u00f3ximos dias 23 e 24 de junho, respectivamente. A informa\u00e7\u00e3o foi dada pelo ex-ministro e pr\u00e9-candidato ao Senado Gilson Machado Neto e refor\u00e7a a retomada dos festejos juninos no Nordeste. A festa de Caruaru, que tem o t\u00edtulo de Maior e Melhor S\u00e3o Jo\u00e3o do Mundo, re\u00fane at\u00e9 100 mil pessoas por noite no P\u00e1tio de Eventos Luiz Lua Gonzaga. A festa come\u00e7ou no dia 04.06 com a expectativa de movimentar a economia local em R$ 300 milh\u00f5es. De acordo com o Minist\u00e9rio do Turismo, a demanda de empregos tempor\u00e1rios deve aumentar em quase 50% na cidade e regi\u00e3o, em compara\u00e7\u00e3o com 2019.<\/span><\/p>\n<p style=\"text-align: justify;\">Em tom de comemora\u00e7\u00e3o, o pr\u00e9-candidato ao senado destacou a import\u00e2ncia do S\u00e3o Jo\u00e3o de Caruaru para Pernambuco e para o Brasil. \u201c\u00c9 um S\u00e3o Jo\u00e3o mais que especial, j\u00e1 que al\u00e9m do reencontro, vamos celebrar o primeiro ano em que os dias 23 e 24 v\u00e3o ser vivenciados tendo o Forr\u00f3 reconhecido como Patrim\u00f4nio Cultural Imaterial do Brasil\u201d, disse. \u201cO que era de fato agora \u00e9 de direito! \u00c9 com muito entusiasmo e alegria que experimentamos esse reconhecimento no governo do presidente Bolsonaro\u201d, declarou Gilson Machado.<\/p>\n","protected":false},"excerpt":{"rendered":"<p>O presidente Jair Bolsonaro confirmou, nesta ter\u00e7a-feira (14.06), presen\u00e7a no S\u00e3o Jo\u00e3o de Caruaru (PE) e Campina Grande (PB) nos&hellip;<\/p>\n","protected":false},"author":1,"featured_media":84365,"comment_status":"open","ping_status":"open","sticky":false,"template":"","format":"standard","meta":{"footnotes":""},"categories":[14122],"tags":[2,19532,3406,24882],"class_list":["post-84364","post","type-post","status-publish","format-standard","has-post-thumbnail","hentry","category-politica","tag-blog-do-edvaldo-magalhaes","tag-blog-mais-acessado-e-visualizado-de-caruaru-e-regiao","tag-caruaru","tag-presidente-bolsonaro-confirma-presenca-no-sao-joao-de-caruaru-e-campina-grande"],"_links":{"self":[{"href":"https:\/\/blogdoedvaldomagalhaes.com.br\/index.php\/wp-json\/wp\/v2\/posts\/84364","targetHints":{"allow":["GET"]}}],"collection":[{"href":"https:\/\/blogdoedvaldomagalhaes.com.br\/index.php\/wp-json\/wp\/v2\/posts"}],"about":[{"href":"https:\/\/blogdoedvaldomagalhaes.com.br\/index.php\/wp-json\/wp\/v2\/types\/post"}],"author":[{"embeddable":true,"href":"https:\/\/blogdoedvaldomagalhaes.com.br\/index.php\/wp-json\/wp\/v2\/users\/1"}],"replies":[{"embeddable":true,"href":"https:\/\/blogdoedvaldomagalhaes.com.br\/index.php\/wp-json\/wp\/v2\/comments?post=84364"}],"version-history":[{"count":1,"href":"https:\/\/blogdoedvaldomagalhaes.com.br\/index.php\/wp-json\/wp\/v2\/posts\/84364\/revisions"}],"predecessor-version":[{"id":84366,"href":"https:\/\/blogdoedvaldomagalhaes.com.br\/index.php\/wp-json\/wp\/v2\/posts\/84364\/revisions\/84366"}],"wp:featuredmedia":[{"embeddable":true,"href":"https:\/\/blogdoedvaldomagalhaes.com.br\/index.php\/wp-json\/wp\/v2\/media\/84365"}],"wp:attachment":[{"href":"https:\/\/blogdoedvaldomagalhaes.com.br\/index.php\/wp-json\/wp\/v2\/media?parent=84364"}],"wp:term":[{"taxonomy":"category","embeddable":true,"href":"https:\/\/blogdoedvaldomagalhaes.com.br\/index.php\/wp-json\/wp\/v2\/categories?post=84364"},{"taxonomy":"post_tag","embeddable":true,"href":"https:\/\/blogdoedvaldomagalhaes.com.br\/index.php\/wp-json\/wp\/v2\/tags?post=84364"}],"curies":[{"name":"wp","href":"https:\/\/api.w.org\/{rel}","templated":true}]}}