{"id":84361,"date":"2022-06-14T18:20:13","date_gmt":"2022-06-14T21:20:13","guid":{"rendered":"https:\/\/blogdoedvaldomagalhaes.com.br\/?p=84361"},"modified":"2022-06-14T18:20:14","modified_gmt":"2022-06-14T21:20:14","slug":"anderson-correia-pede-melhorias-na-mobilidade-do-sao-joao-do-alto-do-moura","status":"publish","type":"post","link":"https:\/\/blogdoedvaldomagalhaes.com.br\/index.php\/2022\/06\/14\/anderson-correia-pede-melhorias-na-mobilidade-do-sao-joao-do-alto-do-moura\/","title":{"rendered":"Anderson Correia pede melhorias na mobilidade do S\u00e3o Jo\u00e3o do Alto do Moura"},"content":{"rendered":"<p style=\"text-align: justify;\"><span style=\"font-size: inherit;\">Considerado o segundo polo mais visitado no S\u00e3o Jo\u00e3o de Caruaru \u2013 depois do P\u00e1tio de Eventos Luiz Lua Gonzaga \u2013, o Alto do Moura sempre recebe diversos turistas e \u00e9 palco de grandes artistas e eventos, com grande fomenta\u00e7\u00e3o da cultura e economia local. Mas tudo isso tamb\u00e9m gera grandes transtornos em dias de festividades juninas, no que se diz respeito ao acesso ao Maior Centro de Artes Figurativas das Am\u00e9ricas.<\/span><\/p>\n<p style=\"text-align: justify;\">Muitos caruaruenses em geral sempre reclamam e pedem solu\u00e7\u00e3o para a entrada e sa\u00edda do local, que na pr\u00e1tica s\u00f3 conta com um acesso. Por isso, ap\u00f3s ouvir v\u00e1rios apelos da popula\u00e7\u00e3o acerca deste assunto, o vereador e pr\u00e9-candidato, Anderson Correia (PP), cobrou solu\u00e7\u00f5es para este problema de mobilidade, pedindo uma aten\u00e7\u00e3o maior do Poder P\u00fablico para alternativas para se chegar no Alto do Moura.<\/p>\n<p style=\"text-align: justify;\">\u201cV\u00e1rias pessoas t\u00eam conversado comigo acerca deste problema de mobilidade do Alto do Moura e \u00e9 necess\u00e1rio mudar isso. Hoje s\u00f3 temos um acesso oficial, o que \u00e9 muito pouco para o tamanho do p\u00fablico e eventos que o local recebe. Por isso, \u00e9 preciso olhar para outras entradas e sa\u00eddas daquele bairro, que inclusive daria mais visibilidade para explorar mais o local, gerando mais com\u00e9rcios nestas ruas, descentralizando o S\u00e3o Jo\u00e3o ali, gerando mais renda e favorecendo mais pessoas. Temos o caminho de acesso pelo Posto Agamenon, que precisa ser pavimentado, sendo mais uma alternativa de chegada e sa\u00edda do local\u201d, destacou o edil.<\/p>\n","protected":false},"excerpt":{"rendered":"<p>Considerado o segundo polo mais visitado no S\u00e3o Jo\u00e3o de Caruaru \u2013 depois do P\u00e1tio de Eventos Luiz Lua Gonzaga&hellip;<\/p>\n","protected":false},"author":1,"featured_media":84362,"comment_status":"open","ping_status":"open","sticky":false,"template":"","format":"standard","meta":{"footnotes":""},"categories":[14122],"tags":[24881,2,19532,3406,20],"class_list":["post-84361","post","type-post","status-publish","format-standard","has-post-thumbnail","hentry","category-politica","tag-anderson-correia-pede-melhorias-na-mobilidade-do-sao-joao-do-alto-do-moura","tag-blog-do-edvaldo-magalhaes","tag-blog-mais-acessado-e-visualizado-de-caruaru-e-regiao","tag-caruaru","tag-politica"],"_links":{"self":[{"href":"https:\/\/blogdoedvaldomagalhaes.com.br\/index.php\/wp-json\/wp\/v2\/posts\/84361","targetHints":{"allow":["GET"]}}],"collection":[{"href":"https:\/\/blogdoedvaldomagalhaes.com.br\/index.php\/wp-json\/wp\/v2\/posts"}],"about":[{"href":"https:\/\/blogdoedvaldomagalhaes.com.br\/index.php\/wp-json\/wp\/v2\/types\/post"}],"author":[{"embeddable":true,"href":"https:\/\/blogdoedvaldomagalhaes.com.br\/index.php\/wp-json\/wp\/v2\/users\/1"}],"replies":[{"embeddable":true,"href":"https:\/\/blogdoedvaldomagalhaes.com.br\/index.php\/wp-json\/wp\/v2\/comments?post=84361"}],"version-history":[{"count":1,"href":"https:\/\/blogdoedvaldomagalhaes.com.br\/index.php\/wp-json\/wp\/v2\/posts\/84361\/revisions"}],"predecessor-version":[{"id":84363,"href":"https:\/\/blogdoedvaldomagalhaes.com.br\/index.php\/wp-json\/wp\/v2\/posts\/84361\/revisions\/84363"}],"wp:featuredmedia":[{"embeddable":true,"href":"https:\/\/blogdoedvaldomagalhaes.com.br\/index.php\/wp-json\/wp\/v2\/media\/84362"}],"wp:attachment":[{"href":"https:\/\/blogdoedvaldomagalhaes.com.br\/index.php\/wp-json\/wp\/v2\/media?parent=84361"}],"wp:term":[{"taxonomy":"category","embeddable":true,"href":"https:\/\/blogdoedvaldomagalhaes.com.br\/index.php\/wp-json\/wp\/v2\/categories?post=84361"},{"taxonomy":"post_tag","embeddable":true,"href":"https:\/\/blogdoedvaldomagalhaes.com.br\/index.php\/wp-json\/wp\/v2\/tags?post=84361"}],"curies":[{"name":"wp","href":"https:\/\/api.w.org\/{rel}","templated":true}]}}