{"id":84355,"date":"2022-06-14T18:00:46","date_gmt":"2022-06-14T21:00:46","guid":{"rendered":"https:\/\/blogdoedvaldomagalhaes.com.br\/?p=84355"},"modified":"2022-06-14T18:05:53","modified_gmt":"2022-06-14T21:05:53","slug":"vereador-irmao-ronaldo-pede-implantacao-de-programa-permanente-de-reforco-escolar","status":"publish","type":"post","link":"https:\/\/blogdoedvaldomagalhaes.com.br\/index.php\/2022\/06\/14\/vereador-irmao-ronaldo-pede-implantacao-de-programa-permanente-de-reforco-escolar\/","title":{"rendered":"Vereador Irm\u00e3o Ronaldo pede implanta\u00e7\u00e3o de Programa Permanente de Refor\u00e7o Escolar"},"content":{"rendered":"<table>\n<tbody>\n<tr>\n<td>\n<p style=\"text-align: justify;\"><span style=\"font-weight: 400;\">Requerimentos solicitados pelo vereador Irm\u00e3o Ronaldo:<\/span><\/p>\n<p style=\"text-align: justify;\"><a href=\"https:\/\/sapl.caruaru.pe.leg.br\/materia\/26228\"><span style=\"font-weight: 400;\">REQUERIMENTO n\u00ba 1926 de 2022<\/span><\/a><\/p>\n<p style=\"text-align: justify;\"><span style=\"font-size: inherit;\">Anteprojeto para Estabelecer diretrizes para a implementa\u00e7\u00e3o de a\u00e7\u00f5es de preven\u00e7\u00e3o e controle do diabetes e da hipertens\u00e3o arterial em crian\u00e7as e adolescentes matriculados na Rede Municipal de Ensino de Caruaru.<\/span><\/p>\n<\/td>\n<\/tr>\n<\/tbody>\n<\/table>\n<p style=\"text-align: justify;\"><a href=\"https:\/\/sapl.caruaru.pe.leg.br\/materia\/26227\"><span style=\"font-weight: 400;\">REQUERIMENTO n\u00ba 1925 de 2022<\/span><\/a><span style=\"font-weight: 400;\"> Reiterando requerimento 3941\/2021 para que seja Institu\u00eddo o Projeto \u201cM\u00e3o Amiga\u201d para incentivar a participa\u00e7\u00e3o de volunt\u00e1rios no plantio de \u00e1rvores e flores em pra\u00e7as, canteiros, parques e bosques do munic\u00edpio de Caruaru.<\/span><\/p>\n<p style=\"text-align: justify;\"><a href=\"https:\/\/sapl.caruaru.pe.leg.br\/materia\/26226\"><span style=\"font-weight: 400;\">REQUERIMENTO n\u00ba 1924 de 2022<\/span><\/a><span style=\"font-weight: 400;\"> Reiterando requerimento 2031\/2021 para que seja Institui no munic\u00edpio de Caruaru o \u201cProjeto Saber Direito&#8221;.<\/span><\/p>\n<p style=\"text-align: justify;\"><a href=\"https:\/\/sapl.caruaru.pe.leg.br\/materia\/26219\"><span style=\"font-weight: 400;\">REQUERIMENTO n\u00ba 1917 de 2022<\/span><\/a><span style=\"font-weight: 400;\"> Reiterando requerimento 3573\/2021 Para que seja institu\u00eddo no munic\u00edpio de Caruaru o Projeto lei que Estabelece as igrejas e os templos de qualquer culto como atividade essencial na cidade de Caruaru durante per\u00edodos de calamidade p\u00fablica decretada pelo munic\u00edpio de Caruaru. Apresento um anteprojeto modelo para se tornar projeto de lei.<\/span><\/p>\n<p style=\"text-align: justify;\"><a href=\"https:\/\/sapl.caruaru.pe.leg.br\/materia\/26180\"><span style=\"font-weight: 400;\">REQUERIMENTO n\u00ba 1893 de 2022<\/span><\/a><span style=\"font-weight: 400;\"> Para que viabilize a troca de l\u00e2mpadas dos postes de n\u00fameros: 1566\/16, localizados na Avenida Jo\u00e3o Soares de Lira, bairro Panorama.<\/span><\/p>\n<p style=\"text-align: justify;\"><a href=\"https:\/\/sapl.caruaru.pe.leg.br\/materia\/26147\"><span style=\"font-weight: 400;\">REQUERIMENTO n\u00ba 1875 de 2022<\/span><\/a><span style=\"font-weight: 400;\"> Reiterando Requerimento 2080\/2021 para que seja Institu\u00eddo no munic\u00edpio de Caruaru o Projeto de Lei que Cria o Programa Permanente de Refor\u00e7o Escolar aos alunos matriculados nas unidades municipais de ensino, em especial os residentes em \u00e1reas de interesse social, nas comunidades mais carentes do munic\u00edpio de Caruaru.<\/span><\/p>\n<p style=\"text-align: justify;\"><a href=\"https:\/\/sapl.caruaru.pe.leg.br\/materia\/26146\"><span style=\"font-weight: 400;\">REQUERIMENTO n\u00ba 1874 de 2022<\/span><\/a><span style=\"font-weight: 400;\"> Reiterando Requerimento 2768\/2021 para que se tornar Projeto de lei, \u201cObriga as academias de muscula\u00e7\u00e3o, ginasticas e similares a realizarem palestras alertando sobre o uso de anabolizantes\u201d.<\/span><\/p>\n<p style=\"text-align: justify;\"><a href=\"https:\/\/sapl.caruaru.pe.leg.br\/materia\/26145\"><span style=\"font-weight: 400;\">REQUERIMENTO n\u00ba 1873 de 2022<\/span><\/a><span style=\"font-weight: 400;\"> Reiterando Requerimento 2090\/2021 para que seja Institu\u00eddo cursos gratuitos destinados \u00e0 mulher gestante sobre cuidados e atendimentos emergenciais \u00e0s crian\u00e7as de 0 (zero) a 6 (seis) anos no munic\u00edpio de Caruaru.<\/span><\/p>\n<p style=\"text-align: justify;\"><a href=\"https:\/\/sapl.caruaru.pe.leg.br\/materia\/26144\"><span style=\"font-weight: 400;\">REQUERIMENTO n\u00ba 1872 de 2022<\/span><\/a><span style=\"font-weight: 400;\"> Reiterando Requerimento 2089\/2021 Anteprojeto modelo para se tornar Projeto de lei Institu\u00eddas Diretrizes para a Inclus\u00e3o da Capacita\u00e7\u00e3o em \u201cNo\u00e7\u00f5es de Primeiros Socorros\u201d para os funcion\u00e1rios das academias de ginasticas e similares localizadas no munic\u00edpio de Caruaru.<\/span><\/p>\n<p style=\"text-align: justify;\"><a href=\"https:\/\/sapl.caruaru.pe.leg.br\/materia\/26141\"><span style=\"font-weight: 400;\">REQUERIMENTO n\u00ba 1869 de 2022<\/span><\/a><span style=\"font-weight: 400;\"> Para realizar o mais URG\u00caNTE poss\u00edvel \u00e0 Retirada de entulhos e metralhas na Rua Alfredo Pinto, Bairro Vassoral.<\/span><\/p>\n<p>Foto: Vladimir Barreto.<\/p>\n","protected":false},"excerpt":{"rendered":"<p>Requerimentos solicitados pelo vereador Irm\u00e3o Ronaldo: REQUERIMENTO n\u00ba 1926 de 2022 Anteprojeto para Estabelecer diretrizes para a implementa\u00e7\u00e3o de a\u00e7\u00f5es&hellip;<\/p>\n","protected":false},"author":1,"featured_media":84359,"comment_status":"open","ping_status":"open","sticky":false,"template":"","format":"standard","meta":{"footnotes":""},"categories":[14122],"tags":[2,19532,3406,20,24880],"class_list":["post-84355","post","type-post","status-publish","format-standard","has-post-thumbnail","hentry","category-politica","tag-blog-do-edvaldo-magalhaes","tag-blog-mais-acessado-e-visualizado-de-caruaru-e-regiao","tag-caruaru","tag-politica","tag-vereador-irmao-ronaldo-pede-implantacao-de-programa-permanente-de-reforco-escolar"],"_links":{"self":[{"href":"https:\/\/blogdoedvaldomagalhaes.com.br\/index.php\/wp-json\/wp\/v2\/posts\/84355","targetHints":{"allow":["GET"]}}],"collection":[{"href":"https:\/\/blogdoedvaldomagalhaes.com.br\/index.php\/wp-json\/wp\/v2\/posts"}],"about":[{"href":"https:\/\/blogdoedvaldomagalhaes.com.br\/index.php\/wp-json\/wp\/v2\/types\/post"}],"author":[{"embeddable":true,"href":"https:\/\/blogdoedvaldomagalhaes.com.br\/index.php\/wp-json\/wp\/v2\/users\/1"}],"replies":[{"embeddable":true,"href":"https:\/\/blogdoedvaldomagalhaes.com.br\/index.php\/wp-json\/wp\/v2\/comments?post=84355"}],"version-history":[{"count":2,"href":"https:\/\/blogdoedvaldomagalhaes.com.br\/index.php\/wp-json\/wp\/v2\/posts\/84355\/revisions"}],"predecessor-version":[{"id":84358,"href":"https:\/\/blogdoedvaldomagalhaes.com.br\/index.php\/wp-json\/wp\/v2\/posts\/84355\/revisions\/84358"}],"wp:featuredmedia":[{"embeddable":true,"href":"https:\/\/blogdoedvaldomagalhaes.com.br\/index.php\/wp-json\/wp\/v2\/media\/84359"}],"wp:attachment":[{"href":"https:\/\/blogdoedvaldomagalhaes.com.br\/index.php\/wp-json\/wp\/v2\/media?parent=84355"}],"wp:term":[{"taxonomy":"category","embeddable":true,"href":"https:\/\/blogdoedvaldomagalhaes.com.br\/index.php\/wp-json\/wp\/v2\/categories?post=84355"},{"taxonomy":"post_tag","embeddable":true,"href":"https:\/\/blogdoedvaldomagalhaes.com.br\/index.php\/wp-json\/wp\/v2\/tags?post=84355"}],"curies":[{"name":"wp","href":"https:\/\/api.w.org\/{rel}","templated":true}]}}