{"id":84343,"date":"2022-06-14T16:54:38","date_gmt":"2022-06-14T19:54:38","guid":{"rendered":"https:\/\/blogdoedvaldomagalhaes.com.br\/?p=84343"},"modified":"2022-06-14T18:17:09","modified_gmt":"2022-06-14T21:17:09","slug":"vereador-carlinhos-da-ceaca-sela-apoio-a-daniel-coelho-para-federal","status":"publish","type":"post","link":"https:\/\/blogdoedvaldomagalhaes.com.br\/index.php\/2022\/06\/14\/vereador-carlinhos-da-ceaca-sela-apoio-a-daniel-coelho-para-federal\/","title":{"rendered":"Vereador Carlinhos da Ceaca sela apoio a Daniel Coelho para federal"},"content":{"rendered":"<p style=\"text-align: justify;\">Na sexta-feira (10), o vereador Carlinhos da Ceaca (MDB) esteve reunido com o deputado federal Daniel Coelho (Cidadania) para selar o apoio.<\/p>\n<p style=\"text-align: justify;\">Nos bastidores, a alian\u00e7a de Carlinhos da Ceaca (MDB), era dada como certa com Tonynho Rodrigues, mas, de acordo com o vereador, o empres\u00e1rio n\u00e3o demonstrou interesse e, por isso, resolveu seguir com Daniel para federal.<\/p>\n<p style=\"text-align: justify;\">Daniel Coelho recebeu 9.362 votos na Capital do Agreste em 2018 e trabalha para aumentar a vota\u00e7\u00e3o no munic\u00edpio. Ele conta com o apoio do prefeito Rodrigo Pinheiro (PSDB), que faz uma boa administra\u00e7\u00e3o, al\u00e9m de outros vereadores da base.<\/p>\n<p>Foto: Vladimir Barreto.<\/p>\n","protected":false},"excerpt":{"rendered":"<p>Na sexta-feira (10), o vereador Carlinhos da Ceaca (MDB) esteve reunido com o deputado federal Daniel Coelho (Cidadania) para selar&hellip;<\/p>\n","protected":false},"author":1,"featured_media":84344,"comment_status":"open","ping_status":"open","sticky":false,"template":"","format":"standard","meta":{"footnotes":""},"categories":[14122],"tags":[2,19532,3406,24879],"class_list":["post-84343","post","type-post","status-publish","format-standard","has-post-thumbnail","hentry","category-politica","tag-blog-do-edvaldo-magalhaes","tag-blog-mais-acessado-e-visualizado-de-caruaru-e-regiao","tag-caruaru","tag-vereador-carlinhos-da-ceaca-sela-apoio-a-daniel-coelho-para-federal"],"_links":{"self":[{"href":"https:\/\/blogdoedvaldomagalhaes.com.br\/index.php\/wp-json\/wp\/v2\/posts\/84343","targetHints":{"allow":["GET"]}}],"collection":[{"href":"https:\/\/blogdoedvaldomagalhaes.com.br\/index.php\/wp-json\/wp\/v2\/posts"}],"about":[{"href":"https:\/\/blogdoedvaldomagalhaes.com.br\/index.php\/wp-json\/wp\/v2\/types\/post"}],"author":[{"embeddable":true,"href":"https:\/\/blogdoedvaldomagalhaes.com.br\/index.php\/wp-json\/wp\/v2\/users\/1"}],"replies":[{"embeddable":true,"href":"https:\/\/blogdoedvaldomagalhaes.com.br\/index.php\/wp-json\/wp\/v2\/comments?post=84343"}],"version-history":[{"count":8,"href":"https:\/\/blogdoedvaldomagalhaes.com.br\/index.php\/wp-json\/wp\/v2\/posts\/84343\/revisions"}],"predecessor-version":[{"id":84360,"href":"https:\/\/blogdoedvaldomagalhaes.com.br\/index.php\/wp-json\/wp\/v2\/posts\/84343\/revisions\/84360"}],"wp:featuredmedia":[{"embeddable":true,"href":"https:\/\/blogdoedvaldomagalhaes.com.br\/index.php\/wp-json\/wp\/v2\/media\/84344"}],"wp:attachment":[{"href":"https:\/\/blogdoedvaldomagalhaes.com.br\/index.php\/wp-json\/wp\/v2\/media?parent=84343"}],"wp:term":[{"taxonomy":"category","embeddable":true,"href":"https:\/\/blogdoedvaldomagalhaes.com.br\/index.php\/wp-json\/wp\/v2\/categories?post=84343"},{"taxonomy":"post_tag","embeddable":true,"href":"https:\/\/blogdoedvaldomagalhaes.com.br\/index.php\/wp-json\/wp\/v2\/tags?post=84343"}],"curies":[{"name":"wp","href":"https:\/\/api.w.org\/{rel}","templated":true}]}}