{"id":84337,"date":"2022-06-14T16:28:30","date_gmt":"2022-06-14T19:28:30","guid":{"rendered":"https:\/\/blogdoedvaldomagalhaes.com.br\/?p=84337"},"modified":"2022-06-14T16:48:15","modified_gmt":"2022-06-14T19:48:15","slug":"comercio-abre-e-bancos-fecham-no-dia-de-corpus-christi-em-caruaru-2","status":"publish","type":"post","link":"https:\/\/blogdoedvaldomagalhaes.com.br\/index.php\/2022\/06\/14\/comercio-abre-e-bancos-fecham-no-dia-de-corpus-christi-em-caruaru-2\/","title":{"rendered":"Com\u00e9rcio abre e bancos fecham, no dia de Corpus Christi em Caruaru"},"content":{"rendered":"<p style=\"text-align: justify;\"><b>Corpus Christi<\/b>\u00a0n\u00e3o \u00e9 feriado nacional, mas os\u00a0<b>bancos<\/b>\u00a0e a Bolsa de Valores brasileira n\u00e3o v\u00e3o funcionar na quinta-feira (16). Na sexta-feira (17), expediente normal. A quinta-feira (16),\u00a0<b>dia de Corpus Christi<\/b>, n\u00e3o \u00e9 feriado nacional e, assim como o carnaval, \u00e9 ponto facultativo federal. As ag\u00eancias do INSS fecham na quinta-feira (16) e na sexta-feira (17), reabrindo na segunda-feira (20).<\/p>\n<p style=\"text-align: justify;\">O\u00a0<span style=\"font-size: inherit;\">Sindicato dos Lojistas do Com\u00e9rcio de Caruaru (Sindloja) esclarece que n\u00e3o \u00e9 feriado em Caruaru o Dia de Corpus Christi, pois, conforme a lei n\u00ba 9.093\/1995, somente s\u00e3o considerados feriados religiosos se existir lei municipal que regulamente.<\/span><\/p>\n<p style=\"text-align: justify;\">Nesta mesma lei, em seu artigo 2\u00ba, s\u00e3o considerados feriados religiosos os dias de guarda, declarados em lei municipal, de acordo com a tradi\u00e7\u00e3o local e em n\u00famero n\u00e3o superior a quatro, neste inclu\u00edda a Sexta-Feira da Paix\u00e3o.<\/p>\n<p style=\"text-align: justify;\">Em Caruaru, Corpus Christi n\u00e3o possui previs\u00e3o legal, pois a cidade j\u00e1 possui como feriados religiosos, incluindo a Sexta-feira da Paix\u00e3o de Cristo, os dias 24 de junho (Dia de S\u00e3o Jo\u00e3o &#8211; lei municipal de n\u00ba. 2.959, de 19 de junho de 1985), 29 de junho (Dia de S\u00e3o Pedro &#8211; lei municipal de n\u00ba. 3.564, de 9 de junho de 1993) e 15 de setembro (Dia da Padroeira Nossa Senhora das Dores &#8211; lei municipal de n\u00ba. 2.959, de 19 de junho de 1985).<\/p>\n<p style=\"text-align: justify;\">Desta forma, mesmo diante da cultura religiosa local, as empresas poder\u00e3o determinar jornada de trabalho na pr\u00f3xima quinta-feira, data de Corpus Christi, pois esta data n\u00e3o \u00e9 considerada feriado na cidade, n\u00e3o sendo necess\u00e1rio fazer solicita\u00e7\u00e3o de abertura.<\/p>\n","protected":false},"excerpt":{"rendered":"<p>Corpus Christi\u00a0n\u00e3o \u00e9 feriado nacional, mas os\u00a0bancos\u00a0e a Bolsa de Valores brasileira n\u00e3o v\u00e3o funcionar na quinta-feira (16). Na sexta-feira&hellip;<\/p>\n","protected":false},"author":1,"featured_media":84339,"comment_status":"open","ping_status":"open","sticky":false,"template":"","format":"standard","meta":{"footnotes":""},"categories":[14120],"tags":[24877,2,19532,3406],"class_list":["post-84337","post","type-post","status-publish","format-standard","has-post-thumbnail","hentry","category-noticias","tag-bancos-fecham-e-comercio-abre-no-dia-de-corpus-christi-em-caruaru","tag-blog-do-edvaldo-magalhaes","tag-blog-mais-acessado-e-visualizado-de-caruaru-e-regiao","tag-caruaru"],"_links":{"self":[{"href":"https:\/\/blogdoedvaldomagalhaes.com.br\/index.php\/wp-json\/wp\/v2\/posts\/84337","targetHints":{"allow":["GET"]}}],"collection":[{"href":"https:\/\/blogdoedvaldomagalhaes.com.br\/index.php\/wp-json\/wp\/v2\/posts"}],"about":[{"href":"https:\/\/blogdoedvaldomagalhaes.com.br\/index.php\/wp-json\/wp\/v2\/types\/post"}],"author":[{"embeddable":true,"href":"https:\/\/blogdoedvaldomagalhaes.com.br\/index.php\/wp-json\/wp\/v2\/users\/1"}],"replies":[{"embeddable":true,"href":"https:\/\/blogdoedvaldomagalhaes.com.br\/index.php\/wp-json\/wp\/v2\/comments?post=84337"}],"version-history":[{"count":2,"href":"https:\/\/blogdoedvaldomagalhaes.com.br\/index.php\/wp-json\/wp\/v2\/posts\/84337\/revisions"}],"predecessor-version":[{"id":84342,"href":"https:\/\/blogdoedvaldomagalhaes.com.br\/index.php\/wp-json\/wp\/v2\/posts\/84337\/revisions\/84342"}],"wp:featuredmedia":[{"embeddable":true,"href":"https:\/\/blogdoedvaldomagalhaes.com.br\/index.php\/wp-json\/wp\/v2\/media\/84339"}],"wp:attachment":[{"href":"https:\/\/blogdoedvaldomagalhaes.com.br\/index.php\/wp-json\/wp\/v2\/media?parent=84337"}],"wp:term":[{"taxonomy":"category","embeddable":true,"href":"https:\/\/blogdoedvaldomagalhaes.com.br\/index.php\/wp-json\/wp\/v2\/categories?post=84337"},{"taxonomy":"post_tag","embeddable":true,"href":"https:\/\/blogdoedvaldomagalhaes.com.br\/index.php\/wp-json\/wp\/v2\/tags?post=84337"}],"curies":[{"name":"wp","href":"https:\/\/api.w.org\/{rel}","templated":true}]}}