{"id":84331,"date":"2022-06-14T13:07:57","date_gmt":"2022-06-14T16:07:57","guid":{"rendered":"https:\/\/blogdoedvaldomagalhaes.com.br\/?p=84331"},"modified":"2022-06-14T13:07:58","modified_gmt":"2022-06-14T16:07:58","slug":"uniao-beneficente-inicia-campanha-de-arrecadacao-de-alimentos-e-cobertores","status":"publish","type":"post","link":"https:\/\/blogdoedvaldomagalhaes.com.br\/index.php\/2022\/06\/14\/uniao-beneficente-inicia-campanha-de-arrecadacao-de-alimentos-e-cobertores\/","title":{"rendered":"Uni\u00e3o Beneficente inicia campanha de arrecada\u00e7\u00e3o de alimentos e cobertores"},"content":{"rendered":"<p style=\"text-align: justify;\"><span style=\"font-size: inherit;\">A Uni\u00e3o Beneficente dos Artistas e Profissionais de Caruaru (UBAPC) iniciou, esta semana, campanha de doa\u00e7\u00e3o de alimentos, cobertores e agasalhos a serem repassados para pessoas de vulnerabilidade social e econ\u00f4mica.<\/span><\/p>\n<p style=\"text-align: justify;\">As doa\u00e7\u00f5es podem ser realizadas tanto por pessoas f\u00edsicas como por empresas locais, de segunda a sexta-feira, no hor\u00e1rio das 8h \u00e0s 13h, na sede da Uni\u00e3o, que fica localizada, na Rua 13 de maio, n\u00famero 82, Centro.<\/p>\n<p style=\"text-align: justify;\">Al\u00e9m das doa\u00e7\u00f5es espont\u00e2neas, a UBAPC tamb\u00e9m solicita apoio de entidades privadas no repasse direcionado de produtos.<\/p>\n<p style=\"text-align: justify;\">\u201cO inverno chegou e com ele a queda das temperaturas em Caruaru. Quem puder, fa\u00e7a a doa\u00e7\u00e3o de cobertores para nossa entidade, desta forma, poderemos aquecer nossos irm\u00e3os nesta \u00e9poca de frio. Doa\u00e7\u00f5es de alimentos tamb\u00e9m s\u00e3o imprescend\u00edveis neste per\u00edodo ainda de pandemia da Covid-19\u201d, destacou o presidente da UBAPC, Jos\u00e9 Marcolino.<\/p>\n<p style=\"text-align: justify;\">Mais informa\u00e7\u00f5es<\/p>\n<p style=\"text-align: justify;\">Uni\u00e3o Beneficente dos Artistas e Profissionais de Caruaru (UBAPC)<\/p>\n<p style=\"text-align: justify;\">Endere\u00e7o: Rua 13 de maio, n\u00famero 82, Centro.<\/p>\n<p style=\"text-align: justify;\">Telefone: 3721-6557<\/p>\n<p>Foto: Freepik<\/p>\n","protected":false},"excerpt":{"rendered":"<p>A Uni\u00e3o Beneficente dos Artistas e Profissionais de Caruaru (UBAPC) iniciou, esta semana, campanha de doa\u00e7\u00e3o de alimentos, cobertores e&hellip;<\/p>\n","protected":false},"author":1,"featured_media":84332,"comment_status":"open","ping_status":"open","sticky":false,"template":"","format":"standard","meta":{"footnotes":""},"categories":[14120],"tags":[2,19532,3406,24875],"class_list":["post-84331","post","type-post","status-publish","format-standard","has-post-thumbnail","hentry","category-noticias","tag-blog-do-edvaldo-magalhaes","tag-blog-mais-acessado-e-visualizado-de-caruaru-e-regiao","tag-caruaru","tag-uniao-beneficente-inicia-campanha-de-arrecadacao-de-alimentos-e-cobertores"],"_links":{"self":[{"href":"https:\/\/blogdoedvaldomagalhaes.com.br\/index.php\/wp-json\/wp\/v2\/posts\/84331","targetHints":{"allow":["GET"]}}],"collection":[{"href":"https:\/\/blogdoedvaldomagalhaes.com.br\/index.php\/wp-json\/wp\/v2\/posts"}],"about":[{"href":"https:\/\/blogdoedvaldomagalhaes.com.br\/index.php\/wp-json\/wp\/v2\/types\/post"}],"author":[{"embeddable":true,"href":"https:\/\/blogdoedvaldomagalhaes.com.br\/index.php\/wp-json\/wp\/v2\/users\/1"}],"replies":[{"embeddable":true,"href":"https:\/\/blogdoedvaldomagalhaes.com.br\/index.php\/wp-json\/wp\/v2\/comments?post=84331"}],"version-history":[{"count":1,"href":"https:\/\/blogdoedvaldomagalhaes.com.br\/index.php\/wp-json\/wp\/v2\/posts\/84331\/revisions"}],"predecessor-version":[{"id":84333,"href":"https:\/\/blogdoedvaldomagalhaes.com.br\/index.php\/wp-json\/wp\/v2\/posts\/84331\/revisions\/84333"}],"wp:featuredmedia":[{"embeddable":true,"href":"https:\/\/blogdoedvaldomagalhaes.com.br\/index.php\/wp-json\/wp\/v2\/media\/84332"}],"wp:attachment":[{"href":"https:\/\/blogdoedvaldomagalhaes.com.br\/index.php\/wp-json\/wp\/v2\/media?parent=84331"}],"wp:term":[{"taxonomy":"category","embeddable":true,"href":"https:\/\/blogdoedvaldomagalhaes.com.br\/index.php\/wp-json\/wp\/v2\/categories?post=84331"},{"taxonomy":"post_tag","embeddable":true,"href":"https:\/\/blogdoedvaldomagalhaes.com.br\/index.php\/wp-json\/wp\/v2\/tags?post=84331"}],"curies":[{"name":"wp","href":"https:\/\/api.w.org\/{rel}","templated":true}]}}