{"id":84328,"date":"2022-06-14T09:17:32","date_gmt":"2022-06-14T12:17:32","guid":{"rendered":"https:\/\/blogdoedvaldomagalhaes.com.br\/?p=84328"},"modified":"2022-06-14T09:17:33","modified_gmt":"2022-06-14T12:17:33","slug":"transferencia-de-estudantes-deve-ser-feita-com-apresentacao-de-historico-escolar","status":"publish","type":"post","link":"https:\/\/blogdoedvaldomagalhaes.com.br\/index.php\/2022\/06\/14\/transferencia-de-estudantes-deve-ser-feita-com-apresentacao-de-historico-escolar\/","title":{"rendered":"Transfer\u00eancia de estudantes deve ser feita com apresenta\u00e7\u00e3o de hist\u00f3rico escolar"},"content":{"rendered":"<p style=\"text-align: justify;\"><span style=\"font-size: inherit;\">O per\u00edodo entre um semestre e outro ano pode representar paras as institui\u00e7\u00f5es de ensino a mudan\u00e7a de estudantes entre as escolas. E com isso as d\u00favidas de pais e de gestores escolares sobre a melhor forma de fazer essa transfer\u00eancia. Segundo o advogado especialista em direito educacional, Luiz T\u00f4rres Neto, n\u00e3o h\u00e1 uma determina\u00e7\u00e3o de qual aluno pode mudar de institui\u00e7\u00e3o, qualquer um pode solicitar a mudan\u00e7a de institui\u00e7\u00e3o a qualquer \u00e9poca do ano. Mas ele destaca o que \u00e9 necess\u00e1rio para isso. \u201cH\u00e1 a necessidade de apresenta\u00e7\u00e3o para a nova escola do hist\u00f3rico escolar do aluno, que comprovar\u00e1 a frequ\u00eancia do discente na escola de origem\u201d, afirmou. Ele tamb\u00e9m destaca que h\u00e1 a necessidade\u00a0 de apresentar o documento de transfer\u00eancia na nova escola, material emitido na institui\u00e7\u00e3o de origem.\u00a0<\/span><\/p>\n<p style=\"text-align: justify;\">Ainda de acordo com Luiz, n\u00e3o h\u00e1 um impedimento de troca para os alunos que os pais est\u00e3o inadimplentes, para a transfer\u00eancia. \u201cA legisla\u00e7\u00e3o educacional impede a n\u00e3o entrega da documenta\u00e7\u00e3o de transfer\u00eancia ou o retardo da entrega sob o argumento da inadimpl\u00eancia. Parte-se da premissa de que o estudante n\u00e3o pode ser prejudicado por responsabilidade financeira que n\u00e3o \u00e9 sua. A institui\u00e7\u00e3o precisa emitir a documenta\u00e7\u00e3o de transfer\u00eancia e, caso queira, proceder com a cobran\u00e7a, judicial ou extrajudicial, de eventuais mensalidades escolares em aberto.\u201d<\/p>\n<p style=\"text-align: justify;\">Outro ponto destacado pelo especialista \u00e9 sobre a forma como os novos contratos devem ser firmados. Ele destaca que \u00e9 comum escolas fazerem o recebimento do novo estudante, sem um contrato formal, o que representa um risco. \u201c\u00c9 importante nesse per\u00edodo em que muitos estudantes optam pela transfer\u00eancia de escola, que o contrato formal seja estabelecido, determinando o agente financeiro respons\u00e1vel por honrar com os pagamentos, para deixar institui\u00e7\u00e3o e pais assegurados de seus direitos e deveres\u201d, concluiu.<\/p>\n<p style=\"text-align: justify;\">Foto: Reprodu\u00e7\u00e3o\/Internet.<\/p>\n","protected":false},"excerpt":{"rendered":"<p>O per\u00edodo entre um semestre e outro ano pode representar paras as institui\u00e7\u00f5es de ensino a mudan\u00e7a de estudantes entre&hellip;<\/p>\n","protected":false},"author":1,"featured_media":84329,"comment_status":"open","ping_status":"open","sticky":false,"template":"","format":"standard","meta":{"footnotes":""},"categories":[14120],"tags":[2,19532,3406,24874],"class_list":["post-84328","post","type-post","status-publish","format-standard","has-post-thumbnail","hentry","category-noticias","tag-blog-do-edvaldo-magalhaes","tag-blog-mais-acessado-e-visualizado-de-caruaru-e-regiao","tag-caruaru","tag-transferencia-de-estudantes-deve-ser-feita-com-apresentacao-de-historico-escolar"],"_links":{"self":[{"href":"https:\/\/blogdoedvaldomagalhaes.com.br\/index.php\/wp-json\/wp\/v2\/posts\/84328","targetHints":{"allow":["GET"]}}],"collection":[{"href":"https:\/\/blogdoedvaldomagalhaes.com.br\/index.php\/wp-json\/wp\/v2\/posts"}],"about":[{"href":"https:\/\/blogdoedvaldomagalhaes.com.br\/index.php\/wp-json\/wp\/v2\/types\/post"}],"author":[{"embeddable":true,"href":"https:\/\/blogdoedvaldomagalhaes.com.br\/index.php\/wp-json\/wp\/v2\/users\/1"}],"replies":[{"embeddable":true,"href":"https:\/\/blogdoedvaldomagalhaes.com.br\/index.php\/wp-json\/wp\/v2\/comments?post=84328"}],"version-history":[{"count":1,"href":"https:\/\/blogdoedvaldomagalhaes.com.br\/index.php\/wp-json\/wp\/v2\/posts\/84328\/revisions"}],"predecessor-version":[{"id":84330,"href":"https:\/\/blogdoedvaldomagalhaes.com.br\/index.php\/wp-json\/wp\/v2\/posts\/84328\/revisions\/84330"}],"wp:featuredmedia":[{"embeddable":true,"href":"https:\/\/blogdoedvaldomagalhaes.com.br\/index.php\/wp-json\/wp\/v2\/media\/84329"}],"wp:attachment":[{"href":"https:\/\/blogdoedvaldomagalhaes.com.br\/index.php\/wp-json\/wp\/v2\/media?parent=84328"}],"wp:term":[{"taxonomy":"category","embeddable":true,"href":"https:\/\/blogdoedvaldomagalhaes.com.br\/index.php\/wp-json\/wp\/v2\/categories?post=84328"},{"taxonomy":"post_tag","embeddable":true,"href":"https:\/\/blogdoedvaldomagalhaes.com.br\/index.php\/wp-json\/wp\/v2\/tags?post=84328"}],"curies":[{"name":"wp","href":"https:\/\/api.w.org\/{rel}","templated":true}]}}