{"id":84324,"date":"2022-06-13T15:51:41","date_gmt":"2022-06-13T18:51:41","guid":{"rendered":"https:\/\/blogdoedvaldomagalhaes.com.br\/?p=84324"},"modified":"2022-06-13T15:51:42","modified_gmt":"2022-06-13T18:51:42","slug":"emenda-parlamentar-de-tony-gel-vai-beneficiar-sismuc-regional-com-novo-gabinete-odontologico","status":"publish","type":"post","link":"https:\/\/blogdoedvaldomagalhaes.com.br\/index.php\/2022\/06\/13\/emenda-parlamentar-de-tony-gel-vai-beneficiar-sismuc-regional-com-novo-gabinete-odontologico\/","title":{"rendered":"Emenda parlamentar de Tony Gel vai beneficiar Sismuc Regional com novo gabinete odontol\u00f3gico"},"content":{"rendered":"<p style=\"text-align: justify;\"><span style=\"font-size: inherit;\">Uma emenda parlamentar destinada pelo Deputado Estadual Tony Gel (PSB), para o Sindicato dos Servidores dos Servidores Municipais de Caruaru e Regi\u00e3o Agreste, no valor de R$ 50 (Cinquenta mil reais), vai garantir a aquisi\u00e7\u00e3o de um novo gabinete dent\u00e1rio completo a ser utilizado na cl\u00ednica odontol\u00f3gica da entidade.<\/span><\/p>\n<p style=\"text-align: justify;\">O parlamentar destacou que a iniciativa de enviar recursos para o Sismuc Regional, tem como objetivo garantir aos servidores associados um atendimento odontol\u00f3gico ainda mais eficiente, pois, de acordo com informa\u00e7\u00f5es daqueles que utilizam o servi\u00e7o oferecido pelo referido sindicato \u00e9 exemplar.<\/p>\n<p style=\"text-align: justify;\">&#8220;O presidente Eduardo Mendon\u00e7a sabe que pode sempre contar conosco. Estamos cumprindo mais um compromisso assumido com o Sismuc Regional. Toda a\u00e7\u00e3o que for para o bem dos servidores ter\u00e1 o nosso apoio&#8221;, disse Tony Gel.<\/p>\n","protected":false},"excerpt":{"rendered":"<p>Uma emenda parlamentar destinada pelo Deputado Estadual Tony Gel (PSB), para o Sindicato dos Servidores dos Servidores Municipais de Caruaru&hellip;<\/p>\n","protected":false},"author":1,"featured_media":84325,"comment_status":"open","ping_status":"open","sticky":false,"template":"","format":"standard","meta":{"footnotes":""},"categories":[14122],"tags":[2,19532,3406,24873,20],"class_list":["post-84324","post","type-post","status-publish","format-standard","has-post-thumbnail","hentry","category-politica","tag-blog-do-edvaldo-magalhaes","tag-blog-mais-acessado-e-visualizado-de-caruaru-e-regiao","tag-caruaru","tag-emenda-parlamentar-de-tony-gel-vai-beneficiar-sismuc-regional-com-novo-gabinete-odontologico","tag-politica"],"_links":{"self":[{"href":"https:\/\/blogdoedvaldomagalhaes.com.br\/index.php\/wp-json\/wp\/v2\/posts\/84324","targetHints":{"allow":["GET"]}}],"collection":[{"href":"https:\/\/blogdoedvaldomagalhaes.com.br\/index.php\/wp-json\/wp\/v2\/posts"}],"about":[{"href":"https:\/\/blogdoedvaldomagalhaes.com.br\/index.php\/wp-json\/wp\/v2\/types\/post"}],"author":[{"embeddable":true,"href":"https:\/\/blogdoedvaldomagalhaes.com.br\/index.php\/wp-json\/wp\/v2\/users\/1"}],"replies":[{"embeddable":true,"href":"https:\/\/blogdoedvaldomagalhaes.com.br\/index.php\/wp-json\/wp\/v2\/comments?post=84324"}],"version-history":[{"count":1,"href":"https:\/\/blogdoedvaldomagalhaes.com.br\/index.php\/wp-json\/wp\/v2\/posts\/84324\/revisions"}],"predecessor-version":[{"id":84326,"href":"https:\/\/blogdoedvaldomagalhaes.com.br\/index.php\/wp-json\/wp\/v2\/posts\/84324\/revisions\/84326"}],"wp:featuredmedia":[{"embeddable":true,"href":"https:\/\/blogdoedvaldomagalhaes.com.br\/index.php\/wp-json\/wp\/v2\/media\/84325"}],"wp:attachment":[{"href":"https:\/\/blogdoedvaldomagalhaes.com.br\/index.php\/wp-json\/wp\/v2\/media?parent=84324"}],"wp:term":[{"taxonomy":"category","embeddable":true,"href":"https:\/\/blogdoedvaldomagalhaes.com.br\/index.php\/wp-json\/wp\/v2\/categories?post=84324"},{"taxonomy":"post_tag","embeddable":true,"href":"https:\/\/blogdoedvaldomagalhaes.com.br\/index.php\/wp-json\/wp\/v2\/tags?post=84324"}],"curies":[{"name":"wp","href":"https:\/\/api.w.org\/{rel}","templated":true}]}}