{"id":84308,"date":"2022-06-13T13:15:49","date_gmt":"2022-06-13T16:15:49","guid":{"rendered":"https:\/\/blogdoedvaldomagalhaes.com.br\/?p=84308"},"modified":"2022-06-13T22:43:21","modified_gmt":"2022-06-14T01:43:21","slug":"multidao-toma-conta-do-alto-no-moura-nesse-domingo-com-publico-de-80-mil-pessoas","status":"publish","type":"post","link":"https:\/\/blogdoedvaldomagalhaes.com.br\/index.php\/2022\/06\/13\/multidao-toma-conta-do-alto-no-moura-nesse-domingo-com-publico-de-80-mil-pessoas\/","title":{"rendered":"Multid\u00e3o toma conta do Alto no Moura nesse domingo, com p\u00fablico de 80 mil pessoas"},"content":{"rendered":"<p style=\"text-align: justify;\"><span style=\"font-size: inherit;\">Nesse domingo (11), a festa come\u00e7ou cedo no Maior Centro de Arte Figurativas das Am\u00e9ricas. Al\u00e9m da 27\u00ba edi\u00e7\u00e3o da Caminhada do Cuscuz, o Alto do Moura tamb\u00e9m foi palco de muito forr\u00f3. Segundo A primeira atra\u00e7\u00e3o a subir no polo Mestre Vitalino foi o cantor J. Lima do Forr\u00f3 Gog\u00f3 de Ouro, que aqueceu o p\u00fablico com muito p\u00e9 de serra. A banda Caruforr\u00f3 foi a segunda atra\u00e7\u00e3o da tarde e fez a alegria dos forrozeiros com um repert\u00f3rio ecl\u00e9tico, do forr\u00f3 tradicional ao frevo.<\/span><\/p>\n<p style=\"text-align: justify;\">Uma das atra\u00e7\u00f5es mais esperadas deste domingo foi o Rei das Drilhas, Elifas J\u00fanior, que tamb\u00e9m \u00e9 um dos homenageados do S\u00e3o Jo\u00e3o do Reencontro. Elifas, disse que foi um prazer fazer seu show no polo do Alto do Moura. \u201cPara mim, sempre \u00e9 uma honra me apresentar aqui, este lugar que levou Caruaru para o mundo atrav\u00e9s da arte do barro, o Alto do Moura \u00e9 um celeiro cultural,&#8221; disse o cantor.<\/p>\n<p style=\"text-align: justify;\">Muitos casais que vieram para curtir o Dia dos Namorados no Alto do Moura aproveitaram o show do ilustre Assis\u00e3o para dan\u00e7ar agarradinhos. O cantor, que fez o encerramento da festa neste domingo no polo Mestre Vitalino, embalou os casais apaixonados com seus grandes sucessos, como a m\u00fasica reconhecida mundialmente \u201cEu fiz uma fogueirinha\u201d.<\/p>\n<p style=\"text-align: justify;\">Assis\u00e3o, que tamb\u00e9m foi muito esperado pelo p\u00fablico, disse que estava emocionado com as demonstra\u00e7\u00f5es de carinho. \u201cFico muito feliz em fazer a alegria dessas pessoas e receber todo esse amor do p\u00fablico enche meu cora\u00e7\u00e3o\u201d.<\/p>\n<p style=\"text-align: justify;\">Fotos: Felipe Correria \/ Fotos a\u00e9reas: Defesa Civil\/J<span style=\"font-size: inherit;\">effersontetto<\/span><\/p>\n\n\n<figure class=\"wp-block-image size-large\"><img loading=\"lazy\" decoding=\"async\" width=\"1024\" height=\"576\" src=\"https:\/\/blogdoedvaldomagalhaes.com.br\/wp-content\/uploads\/2022\/06\/IMG-20220613-WA0097-1024x576.jpg\" alt=\"\" class=\"wp-image-84310\" srcset=\"https:\/\/blogdoedvaldomagalhaes.com.br\/wp-content\/uploads\/2022\/06\/IMG-20220613-WA0097-1024x576.jpg 1024w, https:\/\/blogdoedvaldomagalhaes.com.br\/wp-content\/uploads\/2022\/06\/IMG-20220613-WA0097-300x169.jpg 300w, https:\/\/blogdoedvaldomagalhaes.com.br\/wp-content\/uploads\/2022\/06\/IMG-20220613-WA0097-768x432.jpg 768w, https:\/\/blogdoedvaldomagalhaes.com.br\/wp-content\/uploads\/2022\/06\/IMG-20220613-WA0097-1536x864.jpg 1536w, https:\/\/blogdoedvaldomagalhaes.com.br\/wp-content\/uploads\/2022\/06\/IMG-20220613-WA0097-1140x641.jpg 1140w, https:\/\/blogdoedvaldomagalhaes.com.br\/wp-content\/uploads\/2022\/06\/IMG-20220613-WA0097-720x405.jpg 720w, https:\/\/blogdoedvaldomagalhaes.com.br\/wp-content\/uploads\/2022\/06\/IMG-20220613-WA0097.jpg 1600w\" sizes=\"auto, (max-width: 1024px) 100vw, 1024px\" \/><figcaption>Alto do Moura<\/figcaption><\/figure>\n\n\n\n<figure class=\"wp-block-image size-large\"><img loading=\"lazy\" decoding=\"async\" width=\"1024\" height=\"684\" src=\"https:\/\/blogdoedvaldomagalhaes.com.br\/wp-content\/uploads\/2022\/06\/IMG-20220613-WA0100-1024x684.jpg\" alt=\"\" class=\"wp-image-84311\" srcset=\"https:\/\/blogdoedvaldomagalhaes.com.br\/wp-content\/uploads\/2022\/06\/IMG-20220613-WA0100-1024x684.jpg 1024w, https:\/\/blogdoedvaldomagalhaes.com.br\/wp-content\/uploads\/2022\/06\/IMG-20220613-WA0100-300x200.jpg 300w, https:\/\/blogdoedvaldomagalhaes.com.br\/wp-content\/uploads\/2022\/06\/IMG-20220613-WA0100-768x513.jpg 768w, https:\/\/blogdoedvaldomagalhaes.com.br\/wp-content\/uploads\/2022\/06\/IMG-20220613-WA0100.jpg 1280w\" sizes=\"auto, (max-width: 1024px) 100vw, 1024px\" \/><figcaption>Cantor Elifas J\u00fanior<\/figcaption><\/figure>\n\n\n\n<figure class=\"wp-block-image size-large\"><img loading=\"lazy\" decoding=\"async\" width=\"1024\" height=\"684\" src=\"https:\/\/blogdoedvaldomagalhaes.com.br\/wp-content\/uploads\/2022\/06\/IMG-20220613-WA0090-1024x684.jpg\" alt=\"\" class=\"wp-image-84312\" srcset=\"https:\/\/blogdoedvaldomagalhaes.com.br\/wp-content\/uploads\/2022\/06\/IMG-20220613-WA0090-1024x684.jpg 1024w, https:\/\/blogdoedvaldomagalhaes.com.br\/wp-content\/uploads\/2022\/06\/IMG-20220613-WA0090-300x200.jpg 300w, https:\/\/blogdoedvaldomagalhaes.com.br\/wp-content\/uploads\/2022\/06\/IMG-20220613-WA0090-768x513.jpg 768w, https:\/\/blogdoedvaldomagalhaes.com.br\/wp-content\/uploads\/2022\/06\/IMG-20220613-WA0090.jpg 1280w\" sizes=\"auto, (max-width: 1024px) 100vw, 1024px\" \/><figcaption>Cantor Assis\u00e3o<\/figcaption><\/figure>\n\n\n\n<figure class=\"wp-block-image size-large\"><img loading=\"lazy\" decoding=\"async\" width=\"1024\" height=\"1024\" src=\"https:\/\/blogdoedvaldomagalhaes.com.br\/wp-content\/uploads\/2022\/06\/IMG-20220604-WA0069-1-1024x1024.jpg\" alt=\"\" class=\"wp-image-84315\" srcset=\"https:\/\/blogdoedvaldomagalhaes.com.br\/wp-content\/uploads\/2022\/06\/IMG-20220604-WA0069-1-1024x1024.jpg 1024w, https:\/\/blogdoedvaldomagalhaes.com.br\/wp-content\/uploads\/2022\/06\/IMG-20220604-WA0069-1-300x300.jpg 300w, https:\/\/blogdoedvaldomagalhaes.com.br\/wp-content\/uploads\/2022\/06\/IMG-20220604-WA0069-1-150x150.jpg 150w, https:\/\/blogdoedvaldomagalhaes.com.br\/wp-content\/uploads\/2022\/06\/IMG-20220604-WA0069-1-768x768.jpg 768w, https:\/\/blogdoedvaldomagalhaes.com.br\/wp-content\/uploads\/2022\/06\/IMG-20220604-WA0069-1.jpg 1418w\" sizes=\"auto, (max-width: 1024px) 100vw, 1024px\" \/><\/figure>\n\n\n\n<figure class=\"wp-block-image size-large\"><img loading=\"lazy\" decoding=\"async\" width=\"1024\" height=\"576\" src=\"https:\/\/blogdoedvaldomagalhaes.com.br\/wp-content\/uploads\/2022\/06\/IMG-20220603-WA0313-1024x576.jpg\" alt=\"\" class=\"wp-image-83944\" srcset=\"https:\/\/blogdoedvaldomagalhaes.com.br\/wp-content\/uploads\/2022\/06\/IMG-20220603-WA0313-1024x576.jpg 1024w, https:\/\/blogdoedvaldomagalhaes.com.br\/wp-content\/uploads\/2022\/06\/IMG-20220603-WA0313-300x169.jpg 300w, https:\/\/blogdoedvaldomagalhaes.com.br\/wp-content\/uploads\/2022\/06\/IMG-20220603-WA0313-768x432.jpg 768w, https:\/\/blogdoedvaldomagalhaes.com.br\/wp-content\/uploads\/2022\/06\/IMG-20220603-WA0313-1140x641.jpg 1140w, https:\/\/blogdoedvaldomagalhaes.com.br\/wp-content\/uploads\/2022\/06\/IMG-20220603-WA0313-720x405.jpg 720w, https:\/\/blogdoedvaldomagalhaes.com.br\/wp-content\/uploads\/2022\/06\/IMG-20220603-WA0313.jpg 1280w\" sizes=\"auto, (max-width: 1024px) 100vw, 1024px\" \/><\/figure>\n\n\n\n<figure class=\"wp-block-image size-large\"><img loading=\"lazy\" decoding=\"async\" width=\"1024\" height=\"576\" src=\"https:\/\/blogdoedvaldomagalhaes.com.br\/wp-content\/uploads\/2022\/06\/IMG-20220605-WA0089-1024x576.jpg\" alt=\"\" class=\"wp-image-84002\" srcset=\"https:\/\/blogdoedvaldomagalhaes.com.br\/wp-content\/uploads\/2022\/06\/IMG-20220605-WA0089-1024x576.jpg 1024w, https:\/\/blogdoedvaldomagalhaes.com.br\/wp-content\/uploads\/2022\/06\/IMG-20220605-WA0089-300x169.jpg 300w, https:\/\/blogdoedvaldomagalhaes.com.br\/wp-content\/uploads\/2022\/06\/IMG-20220605-WA0089-768x432.jpg 768w, https:\/\/blogdoedvaldomagalhaes.com.br\/wp-content\/uploads\/2022\/06\/IMG-20220605-WA0089-1140x641.jpg 1140w, https:\/\/blogdoedvaldomagalhaes.com.br\/wp-content\/uploads\/2022\/06\/IMG-20220605-WA0089-720x405.jpg 720w, https:\/\/blogdoedvaldomagalhaes.com.br\/wp-content\/uploads\/2022\/06\/IMG-20220605-WA0089.jpg 1280w\" sizes=\"auto, (max-width: 1024px) 100vw, 1024px\" \/><\/figure>\n\n\n\n<figure class=\"wp-block-image size-large\"><img loading=\"lazy\" decoding=\"async\" width=\"1024\" height=\"576\" src=\"https:\/\/blogdoedvaldomagalhaes.com.br\/wp-content\/uploads\/2022\/06\/IMG-20220605-WA0088-1024x576.jpg\" alt=\"\" class=\"wp-image-84003\" srcset=\"https:\/\/blogdoedvaldomagalhaes.com.br\/wp-content\/uploads\/2022\/06\/IMG-20220605-WA0088-1024x576.jpg 1024w, https:\/\/blogdoedvaldomagalhaes.com.br\/wp-content\/uploads\/2022\/06\/IMG-20220605-WA0088-300x169.jpg 300w, https:\/\/blogdoedvaldomagalhaes.com.br\/wp-content\/uploads\/2022\/06\/IMG-20220605-WA0088-768x432.jpg 768w, https:\/\/blogdoedvaldomagalhaes.com.br\/wp-content\/uploads\/2022\/06\/IMG-20220605-WA0088-1140x641.jpg 1140w, https:\/\/blogdoedvaldomagalhaes.com.br\/wp-content\/uploads\/2022\/06\/IMG-20220605-WA0088-720x405.jpg 720w, https:\/\/blogdoedvaldomagalhaes.com.br\/wp-content\/uploads\/2022\/06\/IMG-20220605-WA0088.jpg 1280w\" sizes=\"auto, (max-width: 1024px) 100vw, 1024px\" \/><\/figure>\n\n\n\n<figure class=\"wp-block-image size-large\"><img loading=\"lazy\" decoding=\"async\" width=\"1024\" height=\"576\" src=\"https:\/\/blogdoedvaldomagalhaes.com.br\/wp-content\/uploads\/2022\/06\/banner-video-1024x576.png\" alt=\"\" class=\"wp-image-83961\" srcset=\"https:\/\/blogdoedvaldomagalhaes.com.br\/wp-content\/uploads\/2022\/06\/banner-video-1024x576.png 1024w, https:\/\/blogdoedvaldomagalhaes.com.br\/wp-content\/uploads\/2022\/06\/banner-video-300x169.png 300w, https:\/\/blogdoedvaldomagalhaes.com.br\/wp-content\/uploads\/2022\/06\/banner-video-768x432.png 768w, https:\/\/blogdoedvaldomagalhaes.com.br\/wp-content\/uploads\/2022\/06\/banner-video-1536x864.png 1536w, https:\/\/blogdoedvaldomagalhaes.com.br\/wp-content\/uploads\/2022\/06\/banner-video-1140x641.png 1140w, https:\/\/blogdoedvaldomagalhaes.com.br\/wp-content\/uploads\/2022\/06\/banner-video-720x405.png 720w, https:\/\/blogdoedvaldomagalhaes.com.br\/wp-content\/uploads\/2022\/06\/banner-video.png 1920w\" sizes=\"auto, (max-width: 1024px) 100vw, 1024px\" \/><\/figure>\n","protected":false},"excerpt":{"rendered":"<p>Nesse domingo (11), a festa come\u00e7ou cedo no Maior Centro de Arte Figurativas das Am\u00e9ricas. Al\u00e9m da 27\u00ba edi\u00e7\u00e3o da&hellip;<\/p>\n","protected":false},"author":1,"featured_media":84309,"comment_status":"open","ping_status":"open","sticky":false,"template":"","format":"standard","meta":{"footnotes":""},"categories":[14120],"tags":[2,19532,3406,24871],"class_list":["post-84308","post","type-post","status-publish","format-standard","has-post-thumbnail","hentry","category-noticias","tag-blog-do-edvaldo-magalhaes","tag-blog-mais-acessado-e-visualizado-de-caruaru-e-regiao","tag-caruaru","tag-multidao-toma-conta-do-alto-no-moura-nesse-domingo-com-publico-de-80-mil-pessoas"],"_links":{"self":[{"href":"https:\/\/blogdoedvaldomagalhaes.com.br\/index.php\/wp-json\/wp\/v2\/posts\/84308","targetHints":{"allow":["GET"]}}],"collection":[{"href":"https:\/\/blogdoedvaldomagalhaes.com.br\/index.php\/wp-json\/wp\/v2\/posts"}],"about":[{"href":"https:\/\/blogdoedvaldomagalhaes.com.br\/index.php\/wp-json\/wp\/v2\/types\/post"}],"author":[{"embeddable":true,"href":"https:\/\/blogdoedvaldomagalhaes.com.br\/index.php\/wp-json\/wp\/v2\/users\/1"}],"replies":[{"embeddable":true,"href":"https:\/\/blogdoedvaldomagalhaes.com.br\/index.php\/wp-json\/wp\/v2\/comments?post=84308"}],"version-history":[{"count":3,"href":"https:\/\/blogdoedvaldomagalhaes.com.br\/index.php\/wp-json\/wp\/v2\/posts\/84308\/revisions"}],"predecessor-version":[{"id":84327,"href":"https:\/\/blogdoedvaldomagalhaes.com.br\/index.php\/wp-json\/wp\/v2\/posts\/84308\/revisions\/84327"}],"wp:featuredmedia":[{"embeddable":true,"href":"https:\/\/blogdoedvaldomagalhaes.com.br\/index.php\/wp-json\/wp\/v2\/media\/84309"}],"wp:attachment":[{"href":"https:\/\/blogdoedvaldomagalhaes.com.br\/index.php\/wp-json\/wp\/v2\/media?parent=84308"}],"wp:term":[{"taxonomy":"category","embeddable":true,"href":"https:\/\/blogdoedvaldomagalhaes.com.br\/index.php\/wp-json\/wp\/v2\/categories?post=84308"},{"taxonomy":"post_tag","embeddable":true,"href":"https:\/\/blogdoedvaldomagalhaes.com.br\/index.php\/wp-json\/wp\/v2\/tags?post=84308"}],"curies":[{"name":"wp","href":"https:\/\/api.w.org\/{rel}","templated":true}]}}