{"id":84302,"date":"2022-06-13T12:59:45","date_gmt":"2022-06-13T15:59:45","guid":{"rendered":"https:\/\/blogdoedvaldomagalhaes.com.br\/?p=84302"},"modified":"2022-06-13T13:03:43","modified_gmt":"2022-06-13T16:03:43","slug":"milhares-de-pessoas-na-caminhada-do-forro-com-maior-cuscuz-do-mundo-em-caruaru","status":"publish","type":"post","link":"https:\/\/blogdoedvaldomagalhaes.com.br\/index.php\/2022\/06\/13\/milhares-de-pessoas-na-caminhada-do-forro-com-maior-cuscuz-do-mundo-em-caruaru\/","title":{"rendered":"Milhares de pessoas na Caminhada do Forr\u00f3 com Maior Cuscuz do Mundo em Caruaru"},"content":{"rendered":"<p style=\"text-align: justify;\"><span style=\"font-size: inherit;\">A tradicional Caminhada do Maior Cuscuz do Mundo aconteceu nesse domingo (12). O evento que saiu da Avenida Le\u00e3o Dourado, na entrada da Vila do Aeroporto, seguiu at\u00e9 o p\u00f3rtico do Alto do Moura atraiu milhares de forrozeiros para as ruas seguindo o trio.<\/span><\/p>\n<p style=\"text-align: justify;\">Para o organizador, Augusto Eventos, \u00e9 uma grande felicidade poder realizar a 27\u00aa edi\u00e7\u00e3o da Caminhada do Cuscuz. &#8220;N\u00e3o tenho nem palavras para agradecer a todos que participam da festa, que j\u00e1 \u00e9 tradi\u00e7\u00e3o no Maior e Melhor S\u00e3o Jo\u00e3o do Mundo&#8221;, comentou.<\/p>\n<p style=\"text-align: justify;\">Em pleno Dia dos Namorados, muitos casais tamb\u00e9m curtiram a movimenta\u00e7\u00e3o da festa do cuscuz juntos, \u00e9 o caso de Ewerthon e J\u00falia que aguardaram ansiosos por esse dia chegar.<\/p>\n<p style=\"text-align: justify;\">\u00c0s 16h, j\u00e1 no Alto do Moura, teve a distribui\u00e7\u00e3o de mais de 800 quilos de cuscuz para toda a popula\u00e7\u00e3o presente.<\/p>\n\n\n<figure class=\"wp-block-image size-large\"><img loading=\"lazy\" decoding=\"async\" width=\"768\" height=\"1024\" src=\"https:\/\/blogdoedvaldomagalhaes.com.br\/wp-content\/uploads\/2022\/06\/IMG-20220613-WA0108-768x1024.jpg\" alt=\"\" class=\"wp-image-84304\" srcset=\"https:\/\/blogdoedvaldomagalhaes.com.br\/wp-content\/uploads\/2022\/06\/IMG-20220613-WA0108-768x1024.jpg 768w, https:\/\/blogdoedvaldomagalhaes.com.br\/wp-content\/uploads\/2022\/06\/IMG-20220613-WA0108-225x300.jpg 225w, https:\/\/blogdoedvaldomagalhaes.com.br\/wp-content\/uploads\/2022\/06\/IMG-20220613-WA0108-1152x1536.jpg 1152w, https:\/\/blogdoedvaldomagalhaes.com.br\/wp-content\/uploads\/2022\/06\/IMG-20220613-WA0108.jpg 1200w\" sizes=\"auto, (max-width: 768px) 100vw, 768px\" \/><figcaption>Fotos: Elvis \u00c9dson<\/figcaption><\/figure>\n\n\n\n<figure class=\"wp-block-image size-large\"><img loading=\"lazy\" decoding=\"async\" width=\"1024\" height=\"1024\" src=\"https:\/\/blogdoedvaldomagalhaes.com.br\/wp-content\/uploads\/2022\/06\/IMG-20220602-WA0192-1-1024x1024.jpg\" alt=\"\" class=\"wp-image-84225\" srcset=\"https:\/\/blogdoedvaldomagalhaes.com.br\/wp-content\/uploads\/2022\/06\/IMG-20220602-WA0192-1-1024x1024.jpg 1024w, https:\/\/blogdoedvaldomagalhaes.com.br\/wp-content\/uploads\/2022\/06\/IMG-20220602-WA0192-1-300x300.jpg 300w, https:\/\/blogdoedvaldomagalhaes.com.br\/wp-content\/uploads\/2022\/06\/IMG-20220602-WA0192-1-150x150.jpg 150w, https:\/\/blogdoedvaldomagalhaes.com.br\/wp-content\/uploads\/2022\/06\/IMG-20220602-WA0192-1-768x768.jpg 768w, https:\/\/blogdoedvaldomagalhaes.com.br\/wp-content\/uploads\/2022\/06\/IMG-20220602-WA0192-1.jpg 1418w\" sizes=\"auto, (max-width: 1024px) 100vw, 1024px\" \/><\/figure>\n\n\n\n<figure class=\"wp-block-image size-large\"><img loading=\"lazy\" decoding=\"async\" width=\"1024\" height=\"576\" src=\"https:\/\/blogdoedvaldomagalhaes.com.br\/wp-content\/uploads\/2022\/06\/IMG-20220605-WA0089-1024x576.jpg\" alt=\"\" class=\"wp-image-84002\" srcset=\"https:\/\/blogdoedvaldomagalhaes.com.br\/wp-content\/uploads\/2022\/06\/IMG-20220605-WA0089-1024x576.jpg 1024w, https:\/\/blogdoedvaldomagalhaes.com.br\/wp-content\/uploads\/2022\/06\/IMG-20220605-WA0089-300x169.jpg 300w, https:\/\/blogdoedvaldomagalhaes.com.br\/wp-content\/uploads\/2022\/06\/IMG-20220605-WA0089-768x432.jpg 768w, https:\/\/blogdoedvaldomagalhaes.com.br\/wp-content\/uploads\/2022\/06\/IMG-20220605-WA0089-1140x641.jpg 1140w, https:\/\/blogdoedvaldomagalhaes.com.br\/wp-content\/uploads\/2022\/06\/IMG-20220605-WA0089-720x405.jpg 720w, https:\/\/blogdoedvaldomagalhaes.com.br\/wp-content\/uploads\/2022\/06\/IMG-20220605-WA0089.jpg 1280w\" sizes=\"auto, (max-width: 1024px) 100vw, 1024px\" \/><\/figure>\n\n\n\n<figure class=\"wp-block-image size-large\"><img loading=\"lazy\" decoding=\"async\" width=\"1024\" height=\"576\" src=\"https:\/\/blogdoedvaldomagalhaes.com.br\/wp-content\/uploads\/2022\/06\/IMG-20220605-WA0088-1024x576.jpg\" alt=\"\" class=\"wp-image-84003\" srcset=\"https:\/\/blogdoedvaldomagalhaes.com.br\/wp-content\/uploads\/2022\/06\/IMG-20220605-WA0088-1024x576.jpg 1024w, https:\/\/blogdoedvaldomagalhaes.com.br\/wp-content\/uploads\/2022\/06\/IMG-20220605-WA0088-300x169.jpg 300w, https:\/\/blogdoedvaldomagalhaes.com.br\/wp-content\/uploads\/2022\/06\/IMG-20220605-WA0088-768x432.jpg 768w, https:\/\/blogdoedvaldomagalhaes.com.br\/wp-content\/uploads\/2022\/06\/IMG-20220605-WA0088-1140x641.jpg 1140w, https:\/\/blogdoedvaldomagalhaes.com.br\/wp-content\/uploads\/2022\/06\/IMG-20220605-WA0088-720x405.jpg 720w, https:\/\/blogdoedvaldomagalhaes.com.br\/wp-content\/uploads\/2022\/06\/IMG-20220605-WA0088.jpg 1280w\" sizes=\"auto, (max-width: 1024px) 100vw, 1024px\" \/><\/figure>\n\n\n\n<figure class=\"wp-block-image size-large\"><img loading=\"lazy\" decoding=\"async\" width=\"1024\" height=\"576\" src=\"https:\/\/blogdoedvaldomagalhaes.com.br\/wp-content\/uploads\/2022\/06\/IMG-20220603-WA0313-1024x576.jpg\" alt=\"\" class=\"wp-image-83944\" srcset=\"https:\/\/blogdoedvaldomagalhaes.com.br\/wp-content\/uploads\/2022\/06\/IMG-20220603-WA0313-1024x576.jpg 1024w, https:\/\/blogdoedvaldomagalhaes.com.br\/wp-content\/uploads\/2022\/06\/IMG-20220603-WA0313-300x169.jpg 300w, https:\/\/blogdoedvaldomagalhaes.com.br\/wp-content\/uploads\/2022\/06\/IMG-20220603-WA0313-768x432.jpg 768w, https:\/\/blogdoedvaldomagalhaes.com.br\/wp-content\/uploads\/2022\/06\/IMG-20220603-WA0313-1140x641.jpg 1140w, https:\/\/blogdoedvaldomagalhaes.com.br\/wp-content\/uploads\/2022\/06\/IMG-20220603-WA0313-720x405.jpg 720w, https:\/\/blogdoedvaldomagalhaes.com.br\/wp-content\/uploads\/2022\/06\/IMG-20220603-WA0313.jpg 1280w\" sizes=\"auto, (max-width: 1024px) 100vw, 1024px\" \/><\/figure>\n\n\n\n<figure class=\"wp-block-image size-large\"><img loading=\"lazy\" decoding=\"async\" width=\"1024\" height=\"576\" src=\"https:\/\/blogdoedvaldomagalhaes.com.br\/wp-content\/uploads\/2022\/06\/banner-video-1024x576.png\" alt=\"\" class=\"wp-image-83961\" srcset=\"https:\/\/blogdoedvaldomagalhaes.com.br\/wp-content\/uploads\/2022\/06\/banner-video-1024x576.png 1024w, https:\/\/blogdoedvaldomagalhaes.com.br\/wp-content\/uploads\/2022\/06\/banner-video-300x169.png 300w, https:\/\/blogdoedvaldomagalhaes.com.br\/wp-content\/uploads\/2022\/06\/banner-video-768x432.png 768w, https:\/\/blogdoedvaldomagalhaes.com.br\/wp-content\/uploads\/2022\/06\/banner-video-1536x864.png 1536w, https:\/\/blogdoedvaldomagalhaes.com.br\/wp-content\/uploads\/2022\/06\/banner-video-1140x641.png 1140w, https:\/\/blogdoedvaldomagalhaes.com.br\/wp-content\/uploads\/2022\/06\/banner-video-720x405.png 720w, https:\/\/blogdoedvaldomagalhaes.com.br\/wp-content\/uploads\/2022\/06\/banner-video.png 1920w\" sizes=\"auto, (max-width: 1024px) 100vw, 1024px\" \/><\/figure>\n","protected":false},"excerpt":{"rendered":"<p>A tradicional Caminhada do Maior Cuscuz do Mundo aconteceu nesse domingo (12). O evento que saiu da Avenida Le\u00e3o Dourado,&hellip;<\/p>\n","protected":false},"author":1,"featured_media":84303,"comment_status":"open","ping_status":"open","sticky":false,"template":"","format":"standard","meta":{"footnotes":""},"categories":[14120],"tags":[2,19532,3406,24870,6222],"class_list":["post-84302","post","type-post","status-publish","format-standard","has-post-thumbnail","hentry","category-noticias","tag-blog-do-edvaldo-magalhaes","tag-blog-mais-acessado-e-visualizado-de-caruaru-e-regiao","tag-caruaru","tag-milhares-de-pessoas-na-caminhada-do-forro-com-maior-cuscuz-do-mundo-em-caruaru","tag-sao-joao-de-caruaru"],"_links":{"self":[{"href":"https:\/\/blogdoedvaldomagalhaes.com.br\/index.php\/wp-json\/wp\/v2\/posts\/84302","targetHints":{"allow":["GET"]}}],"collection":[{"href":"https:\/\/blogdoedvaldomagalhaes.com.br\/index.php\/wp-json\/wp\/v2\/posts"}],"about":[{"href":"https:\/\/blogdoedvaldomagalhaes.com.br\/index.php\/wp-json\/wp\/v2\/types\/post"}],"author":[{"embeddable":true,"href":"https:\/\/blogdoedvaldomagalhaes.com.br\/index.php\/wp-json\/wp\/v2\/users\/1"}],"replies":[{"embeddable":true,"href":"https:\/\/blogdoedvaldomagalhaes.com.br\/index.php\/wp-json\/wp\/v2\/comments?post=84302"}],"version-history":[{"count":2,"href":"https:\/\/blogdoedvaldomagalhaes.com.br\/index.php\/wp-json\/wp\/v2\/posts\/84302\/revisions"}],"predecessor-version":[{"id":84307,"href":"https:\/\/blogdoedvaldomagalhaes.com.br\/index.php\/wp-json\/wp\/v2\/posts\/84302\/revisions\/84307"}],"wp:featuredmedia":[{"embeddable":true,"href":"https:\/\/blogdoedvaldomagalhaes.com.br\/index.php\/wp-json\/wp\/v2\/media\/84303"}],"wp:attachment":[{"href":"https:\/\/blogdoedvaldomagalhaes.com.br\/index.php\/wp-json\/wp\/v2\/media?parent=84302"}],"wp:term":[{"taxonomy":"category","embeddable":true,"href":"https:\/\/blogdoedvaldomagalhaes.com.br\/index.php\/wp-json\/wp\/v2\/categories?post=84302"},{"taxonomy":"post_tag","embeddable":true,"href":"https:\/\/blogdoedvaldomagalhaes.com.br\/index.php\/wp-json\/wp\/v2\/tags?post=84302"}],"curies":[{"name":"wp","href":"https:\/\/api.w.org\/{rel}","templated":true}]}}