{"id":843,"date":"2018-10-31T13:03:00","date_gmt":"2018-10-31T15:03:00","guid":{"rendered":"http:\/\/blogdoedvaldomagalhaes.com.br\/index.php\/2018\/10\/31\/policia-busca-suspeitos-de-furto-de\/"},"modified":"2019-02-09T02:37:39","modified_gmt":"2019-02-09T04:37:39","slug":"policia-busca-suspeitos-de-furto-de","status":"publish","type":"post","link":"https:\/\/blogdoedvaldomagalhaes.com.br\/index.php\/2018\/10\/31\/policia-busca-suspeitos-de-furto-de\/","title":{"rendered":"Pol\u00edcia busca suspeitos de furto de energia el\u00e9trica em Caruaru"},"content":{"rendered":"<div class=\"separator\" style=\"clear: both; text-align: center;\">\n<a href=\"https:\/\/4.bp.blogspot.com\/-5vGuLdRX934\/W9mm8rH9VVI\/AAAAAAAA8sc\/mPWsOWxSOdUCKgEtvbTSFzgwAvCb9hI4QCLcBGAs\/s1600\/IMG-20181031-WA0086.jpg\" imageanchor=\"1\" style=\"margin-left: 1em; margin-right: 1em;\"><img loading=\"lazy\" decoding=\"async\" border=\"0\" data-original-height=\"313\" data-original-width=\"470\" height=\"426\" src=\"http:\/\/blogdoedvaldomagalhaes.com.br\/wp-content\/uploads\/2018\/10\/IMG-20181031-WA0086.jpg\" width=\"640\" \/><\/a><\/div>\n<p><\/p>\n<div style=\"text-align: justify;\">\nA Secretaria de Defesa Social, atrav\u00e9s da Pol\u00edcia Civil de Pernambuco, no \u00e2mbito do Pacto pela Vida, desencadeou na manh\u00e3 desta quarta-feira (31) Opera\u00e7\u00e3o de Repress\u00e3o T\u00e1tica, intitulada Energia Suja, vinculada \u00e0 14\u00aa DESEC, sob a presid\u00eancia do Delegado Seccional, Bruno Vital e Alberes Costa.<\/p>\n<\/div>\n<div style=\"text-align: justify;\">\nA investiga\u00e7\u00e3o teve in\u00edcio no m\u00eas de setembro deste ano, com objetivo de realizar buscas e prender em flagrante os envolvidos com a pr\u00e1tica dos crimes de:<\/p>\n<\/div>\n<div style=\"text-align: justify;\">\n1) Furto de energia el\u00e9trica;<\/div>\n<div style=\"text-align: justify;\">\n2) Dano qualificado;<\/div>\n<div style=\"text-align: justify;\">\n3) Enriquecimento il\u00edcito;<\/p>\n<\/div>\n<div style=\"text-align: justify;\">\nDurante a opera\u00e7\u00e3o foram cumpridos 13 (nove) mandados de busca e apreens\u00e3o domiciliar, todos expedidos pela Excelent\u00edssima Ju\u00edza de Direito, Dra. Ana Paula Viana, da 3\u00aa Vara Criminal da Comarca de Caruaru.<\/p>\n<\/div>\n<div style=\"text-align: justify;\">\nNa execu\u00e7\u00e3o, foram empregados 98 (noventa e oito) Policiais Civis, entre Delegados, Agentes e Escriv\u00e3es. &nbsp;Ainda destacamos a participa\u00e7\u00e3o primordial do Instituto de Criminal\u00edstica (IC), e dos t\u00e9cnicos e peritos da Companhia de Energia El\u00e9trica de PE &#8211; CELPE.<\/p>\n<\/div>\n<div style=\"text-align: justify;\">\nA Opera\u00e7\u00e3o est\u00e1 sendo coordenada pela 14\u00aa DESECE\/ DINTER-1 e supervisionada pela Chefia de Pol\u00edcia.<\/p>\n<\/div>\n<div style=\"text-align: justify;\">\nAs investiga\u00e7\u00f5es foram assessoradas pela Diretoria de Intelig\u00eancia da Pol\u00edcia Civil de Pernambuco &#8211; DINTEL.<\/p>\n<\/div>\n<div style=\"text-align: justify;\">\nOs detalhes preliminares da referida opera\u00e7\u00e3o ser\u00e3o divulgados \u00e0s 15h do de hoje na DINTER 1, em Caruaru.<\/div>\n","protected":false},"excerpt":{"rendered":"<p>A Secretaria de Defesa Social, atrav\u00e9s da Pol\u00edcia Civil de Pernambuco, no \u00e2mbito do Pacto pela Vida, desencadeou na manh\u00e3&hellip;<\/p>\n","protected":false},"author":1,"featured_media":0,"comment_status":"open","ping_status":"open","sticky":false,"template":"","format":"standard","meta":{"footnotes":""},"categories":[1],"tags":[2,787,13],"class_list":["post-843","post","type-post","status-publish","format-standard","hentry","category-sem-categoria","tag-blog-do-edvaldo-magalhaes","tag-policia-busca-suspeitos-de-furto-de-energia-eletrica-em-caruaru","tag-policial"],"_links":{"self":[{"href":"https:\/\/blogdoedvaldomagalhaes.com.br\/index.php\/wp-json\/wp\/v2\/posts\/843","targetHints":{"allow":["GET"]}}],"collection":[{"href":"https:\/\/blogdoedvaldomagalhaes.com.br\/index.php\/wp-json\/wp\/v2\/posts"}],"about":[{"href":"https:\/\/blogdoedvaldomagalhaes.com.br\/index.php\/wp-json\/wp\/v2\/types\/post"}],"author":[{"embeddable":true,"href":"https:\/\/blogdoedvaldomagalhaes.com.br\/index.php\/wp-json\/wp\/v2\/users\/1"}],"replies":[{"embeddable":true,"href":"https:\/\/blogdoedvaldomagalhaes.com.br\/index.php\/wp-json\/wp\/v2\/comments?post=843"}],"version-history":[{"count":1,"href":"https:\/\/blogdoedvaldomagalhaes.com.br\/index.php\/wp-json\/wp\/v2\/posts\/843\/revisions"}],"predecessor-version":[{"id":35417,"href":"https:\/\/blogdoedvaldomagalhaes.com.br\/index.php\/wp-json\/wp\/v2\/posts\/843\/revisions\/35417"}],"wp:attachment":[{"href":"https:\/\/blogdoedvaldomagalhaes.com.br\/index.php\/wp-json\/wp\/v2\/media?parent=843"}],"wp:term":[{"taxonomy":"category","embeddable":true,"href":"https:\/\/blogdoedvaldomagalhaes.com.br\/index.php\/wp-json\/wp\/v2\/categories?post=843"},{"taxonomy":"post_tag","embeddable":true,"href":"https:\/\/blogdoedvaldomagalhaes.com.br\/index.php\/wp-json\/wp\/v2\/tags?post=843"}],"curies":[{"name":"wp","href":"https:\/\/api.w.org\/{rel}","templated":true}]}}